{"id":11323,"date":"2018-11-12T21:45:38","date_gmt":"2018-11-12T19:45:38","guid":{"rendered":"http:\/\/www.blogbbmontessori.com\/?p=11323"},"modified":"2018-11-12T21:45:38","modified_gmt":"2018-11-12T19:45:38","slug":"unique-une-nouvelle-formation-pour-prendre-soin-des-bebes","status":"publish","type":"post","link":"https:\/\/www.blogbbmontessori.com\/?p=11323","title":{"rendered":"Unique : une nouvelle formation pour prendre soin des b\u00e9b\u00e9s"},"content":{"rendered":"<div>Nous avons la grande joie de vous proposer notre tout nouveau cursus de formation online intitul\u00e9 :<\/div>\n<h2><a href=\"http:\/\/formations.montessori.fr\/wordpress\/?page_id=2097\"><strong>\u00ab\u00a0Prendre soin des b\u00e9b\u00e9s selon l&rsquo;approche Pikler\u00a0\u00bb<\/strong><\/a><\/h2>\n<div><\/div>\n<div><a href=\"http:\/\/formations.montessori.fr\/wordpress\/?page_id=2097\"><img data-recalc-dims=\"1\" loading=\"lazy\" decoding=\"async\" class=\"aligncenter wp-image-5621\" src=\"https:\/\/i0.wp.com\/blog.montessori.fr\/wp-content\/uploads\/2018\/11\/Capture-d%E2%80%99e%CC%81cran-2018-11-10-a%CC%80-15.48.16-300x212.png?resize=579%2C409\" alt=\"\" width=\"579\" height=\"409\" \/><\/a><\/div>\n<div><\/div>\n<div>Depuis 2013, Caroline Dupr\u00e9 et Murielle Lefebvre, formatrices en pr\u00e9sentiel et conceptrices de modules e-learning sur des th\u00e9matiques fortes partagent leurs connaissances et leur pratique de cette approche p\u00e9dagogique.<\/div>\n<div><\/div>\n<div>Depuis 18 ans, l&rsquo;Acad\u00e9mie TMF a pour but d&rsquo;accompagner les professionnels de la Petite Enfance dans la formation \u00e0 des p\u00e9dagogies \u00ab\u00a0solides\u00a0\u00bb parce que \u00e9tay\u00e9es par des scientifiques et professionnels de terrain, \u00e9galement \u00e9prouv\u00e9es depuis des d\u00e9cennies \u00e0 l&rsquo;international.<\/div>\n<div><\/div>\n<div>Ce cursus se fait en auto-formation durant 15 heures (soit 3 jours de formation) et son co\u00fbt est seulement de 250\u20ac au lieu de 1200\u20ac prix des formations en pr\u00e9sentiel sur cette probl\u00e9matique.<\/div>\n<div><\/div>\n<div>N&rsquo;attendez plus et offrez aux b\u00e9b\u00e9s cette approche qui leur fait du bien !<\/div>\n<h2>Osez vous inscrire et par-l\u00e0 m\u00eame nous aider \u00e0 continuer de vous proposer des cursus vraiment pertinents dans le monde professionnel de la Petite Enfance.<\/h2>\n<p><a href=\"http:\/\/formations.montessori.fr\/wordpress\/?page_id=2097\"><img data-recalc-dims=\"1\" loading=\"lazy\" decoding=\"async\" class=\"aligncenter size-medium wp-image-5206\" src=\"https:\/\/i0.wp.com\/blog.montessori.fr\/wp-content\/uploads\/2018\/06\/bouton-inscris-300x105.jpeg?resize=300%2C105\" alt=\"\" width=\"300\" height=\"105\" \/><\/a><\/p>\n","protected":false},"excerpt":{"rendered":"<p>Nous avons la grande joie de vous proposer notre tout nouveau cursus de formation online intitul\u00e9 : \u00ab\u00a0Prendre soin des b\u00e9b\u00e9s selon l&rsquo;approche Pikler\u00a0\u00bb Depuis 2013, Caroline Dupr\u00e9 et Murielle Lefebvre, formatrices en pr\u00e9sentiel et conceptrices de modules e-learning sur des th\u00e9matiques fortes partagent leurs connaissances et leur pratique de cette approche p\u00e9dagogique. Depuis 18 [&hellip;]<\/p>\n","protected":false},"author":2,"featured_media":0,"comment_status":"closed","ping_status":"open","sticky":false,"template":"","format":"standard","meta":{"jetpack_post_was_ever_published":false,"_jetpack_newsletter_access":"","_jetpack_dont_email_post_to_subs":false,"_jetpack_newsletter_tier_id":0,"_jetpack_memberships_contains_paywalled_content":false,"_jetpack_memberships_contains_paid_content":false,"footnotes":"","jetpack_publicize_message":"","jetpack_publicize_feature_enabled":true,"jetpack_social_post_already_shared":true,"jetpack_social_options":{"image_generator_settings":{"template":"highway","default_image_id":0,"font":"","enabled":false},"version":2}},"categories":[252,254,255,256,257,611,22,71,39,5,1],"tags":[214,810,883,527],"class_list":["post-11323","post","type-post","status-publish","format-standard","hentry","category-0-6-mois","category-06-12-mois","category-12-18-mois","category-18-24-mois","category-24-36-mois","category-cadeaux","category-developpement-moteur","category-education-cosmique","category-environnement","category-formation","category-quotidien","tag-bebe","tag-emmi-pikler","tag-libre-mouvement","tag-pikler"],"jetpack_publicize_connections":[],"jetpack_featured_media_url":"","jetpack_sharing_enabled":true,"jetpack_shortlink":"https:\/\/wp.me\/pm9U2-2WD","_links":{"self":[{"href":"https:\/\/www.blogbbmontessori.com\/index.php?rest_route=\/wp\/v2\/posts\/11323","targetHints":{"allow":["GET"]}}],"collection":[{"href":"https:\/\/www.blogbbmontessori.com\/index.php?rest_route=\/wp\/v2\/posts"}],"about":[{"href":"https:\/\/www.blogbbmontessori.com\/index.php?rest_route=\/wp\/v2\/types\/post"}],"author":[{"embeddable":true,"href":"https:\/\/www.blogbbmontessori.com\/index.php?rest_route=\/wp\/v2\/users\/2"}],"replies":[{"embeddable":true,"href":"https:\/\/www.blogbbmontessori.com\/index.php?rest_route=%2Fwp%2Fv2%2Fcomments&post=11323"}],"version-history":[{"count":3,"href":"https:\/\/www.blogbbmontessori.com\/index.php?rest_route=\/wp\/v2\/posts\/11323\/revisions"}],"predecessor-version":[{"id":11326,"href":"https:\/\/www.blogbbmontessori.com\/index.php?rest_route=\/wp\/v2\/posts\/11323\/revisions\/11326"}],"wp:attachment":[{"href":"https:\/\/www.blogbbmontessori.com\/index.php?rest_route=%2Fwp%2Fv2%2Fmedia&parent=11323"}],"wp:term":[{"taxonomy":"category","embeddable":true,"href":"https:\/\/www.blogbbmontessori.com\/index.php?rest_route=%2Fwp%2Fv2%2Fcategories&post=11323"},{"taxonomy":"post_tag","embeddable":true,"href":"https:\/\/www.blogbbmontessori.com\/index.php?rest_route=%2Fwp%2Fv2%2Ftags&post=11323"}],"curies":[{"name":"wp","href":"https:\/\/api.w.org\/{rel}","templated":true}]}}