{"id":11180,"date":"2018-01-10T04:12:07","date_gmt":"2018-01-10T02:12:07","guid":{"rendered":"http:\/\/www.blogbbmontessori.com\/?p=11180"},"modified":"2018-02-08T21:54:04","modified_gmt":"2018-02-08T19:54:04","slug":"quest-ce-que-la-conscience","status":"publish","type":"post","link":"https:\/\/www.blogbbmontessori.com\/?p=11180","title":{"rendered":"Qu&rsquo;est-ce que la conscience ?"},"content":{"rendered":"<p><a href=\"https:\/\/www.blogbbmontessori.com\/?attachment_id=11181\" rel=\"attachment wp-att-11181\"><img data-recalc-dims=\"1\" loading=\"lazy\" decoding=\"async\" class=\"size-full wp-image-11181 aligncenter\" src=\"https:\/\/i0.wp.com\/www.blogbbmontessori.com\/wp-content\/uploads\/2018\/01\/myself.jpg?resize=540%2C720&#038;ssl=1\" alt=\"\" width=\"540\" height=\"720\" srcset=\"https:\/\/i0.wp.com\/www.blogbbmontessori.com\/wp-content\/uploads\/2018\/01\/myself.jpg?w=540&amp;ssl=1 540w, https:\/\/i0.wp.com\/www.blogbbmontessori.com\/wp-content\/uploads\/2018\/01\/myself.jpg?resize=225%2C300&amp;ssl=1 225w\" sizes=\"auto, (max-width: 540px) 100vw, 540px\" \/><\/a><\/p>\n<p>Qui suis-je ? O\u00f9 vais-je ? D&rsquo;o\u00f9 viens-je ? M\u00eame si le jeune enfant ne se pose pas encore ces questions &#8211; car il est dans une dynamique tout autre durant ses trois premi\u00e8res ann\u00e9es &#8211; il est porteur inconscient de ces trois questions qui nous habitent tous, tout au long de notre vie, avec plus ou moins de force, de joie ou de d\u00e9tresse.<\/p>\n<p>O\u00f9 en sommes-nous d&rsquo;ailleurs, nous en tant qu&rsquo;adulte sur ces questions ? Y r\u00e9fl\u00e9chir est important pour nous mais aussi pour eux. Quelles sont les cl\u00e9s que vous poss\u00e9dez d\u00e9j\u00e0 sur ce sujet ? Sont-elles conformes \u00e0 votre culture et environnement ou le r\u00e9sultat de votre cheminement personnel et spirituel ?<\/p>\n<p>Ces questions sont importantes pour l&rsquo;enfant qui se construit et qui va donner place \u00e0 un adulte. Notre t\u00e2che est donc de l&rsquo;accompagner le mieux possible sur ce chemin sans barrages, ni b\u00e9quilles, ni tremplins mais avec des coups de pouce sens\u00e9s.<\/p>\n<p>M. Albrecht nous pr\u00e9sente la p\u00e9dagogie de <em>l&rsquo;homme couch\u00e9<\/em> et de <em>l&rsquo;homme debout<\/em> dans son Acad\u00e9mie Aurore.<\/p>\n<p>Nous nous\u00a0 pourrions faire le parall\u00e8le et parler du <em>b\u00e9b\u00e9 \u00e0 quatre pattes<\/em> par opposition au <em>b\u00e9b\u00e9 en si\u00e8ge auto<\/em> par exemple.<\/p>\n","protected":false},"excerpt":{"rendered":"<p>Qui suis-je ? O\u00f9 vais-je ? D&rsquo;o\u00f9 viens-je ? M\u00eame si le jeune enfant ne se pose pas encore ces questions &#8211; car il est dans une dynamique tout autre durant ses trois premi\u00e8res ann\u00e9es &#8211; il est porteur inconscient de ces trois questions qui nous habitent tous, tout au long de notre vie, avec [&hellip;]<\/p>\n","protected":false},"author":2,"featured_media":0,"comment_status":"closed","ping_status":"open","sticky":false,"template":"","format":"standard","meta":{"jetpack_post_was_ever_published":false,"_jetpack_newsletter_access":"","_jetpack_dont_email_post_to_subs":false,"_jetpack_newsletter_tier_id":0,"_jetpack_memberships_contains_paywalled_content":false,"_jetpack_memberships_contains_paid_content":false,"footnotes":"","jetpack_publicize_message":"","jetpack_publicize_feature_enabled":true,"jetpack_social_post_already_shared":true,"jetpack_social_options":{"image_generator_settings":{"template":"highway","default_image_id":0,"font":"","enabled":false},"version":2}},"categories":[252,254,255,256,257,22,71,39,35,1],"tags":[587,873,243,874],"class_list":["post-11180","post","type-post","status-publish","format-standard","hentry","category-0-6-mois","category-06-12-mois","category-12-18-mois","category-18-24-mois","category-24-36-mois","category-developpement-moteur","category-education-cosmique","category-environnement","category-liens-sociaux","category-quotidien","tag-conscience","tag-ethique","tag-intelligence","tag-spiritualite"],"jetpack_publicize_connections":[],"jetpack_featured_media_url":"","jetpack_sharing_enabled":true,"jetpack_shortlink":"https:\/\/wp.me\/pm9U2-2Uk","_links":{"self":[{"href":"https:\/\/www.blogbbmontessori.com\/index.php?rest_route=\/wp\/v2\/posts\/11180","targetHints":{"allow":["GET"]}}],"collection":[{"href":"https:\/\/www.blogbbmontessori.com\/index.php?rest_route=\/wp\/v2\/posts"}],"about":[{"href":"https:\/\/www.blogbbmontessori.com\/index.php?rest_route=\/wp\/v2\/types\/post"}],"author":[{"embeddable":true,"href":"https:\/\/www.blogbbmontessori.com\/index.php?rest_route=\/wp\/v2\/users\/2"}],"replies":[{"embeddable":true,"href":"https:\/\/www.blogbbmontessori.com\/index.php?rest_route=%2Fwp%2Fv2%2Fcomments&post=11180"}],"version-history":[{"count":7,"href":"https:\/\/www.blogbbmontessori.com\/index.php?rest_route=\/wp\/v2\/posts\/11180\/revisions"}],"predecessor-version":[{"id":11208,"href":"https:\/\/www.blogbbmontessori.com\/index.php?rest_route=\/wp\/v2\/posts\/11180\/revisions\/11208"}],"wp:attachment":[{"href":"https:\/\/www.blogbbmontessori.com\/index.php?rest_route=%2Fwp%2Fv2%2Fmedia&parent=11180"}],"wp:term":[{"taxonomy":"category","embeddable":true,"href":"https:\/\/www.blogbbmontessori.com\/index.php?rest_route=%2Fwp%2Fv2%2Fcategories&post=11180"},{"taxonomy":"post_tag","embeddable":true,"href":"https:\/\/www.blogbbmontessori.com\/index.php?rest_route=%2Fwp%2Fv2%2Ftags&post=11180"}],"curies":[{"name":"wp","href":"https:\/\/api.w.org\/{rel}","templated":true}]}}