{"id":10976,"date":"2017-04-21T20:04:44","date_gmt":"2017-04-21T18:04:44","guid":{"rendered":"http:\/\/www.blogbbmontessori.com\/?p=10976"},"modified":"2017-04-21T20:04:44","modified_gmt":"2017-04-21T18:04:44","slug":"pikler-en-complement-de-montessori","status":"publish","type":"post","link":"https:\/\/www.blogbbmontessori.com\/?p=10976","title":{"rendered":"Pikler en compl\u00e9ment de Montessori"},"content":{"rendered":"<p><a href=\"https:\/\/www.amazon.fr\/Montessori-pour-b%C3%A9b%C3%A9-Murielle-Lef%C3%A8bvre\/dp\/2824609001\/ref=sr_1_2?ie=UTF8&amp;qid=1492797654&amp;sr=8-2&amp;keywords=montessori+pour+mon+b%C3%A9b%C3%A9\" rel=\"attachment wp-att-10977\"><img data-recalc-dims=\"1\" loading=\"lazy\" decoding=\"async\" class=\"alignnone size-full wp-image-10977\" src=\"https:\/\/i0.wp.com\/www.blogbbmontessori.com\/wp-content\/uploads\/2017\/04\/IMG_7055.jpg?resize=625%2C469&#038;ssl=1\" alt=\"\" width=\"625\" height=\"469\" srcset=\"https:\/\/i0.wp.com\/www.blogbbmontessori.com\/wp-content\/uploads\/2017\/04\/IMG_7055.jpg?w=3264&amp;ssl=1 3264w, https:\/\/i0.wp.com\/www.blogbbmontessori.com\/wp-content\/uploads\/2017\/04\/IMG_7055.jpg?resize=300%2C225&amp;ssl=1 300w, https:\/\/i0.wp.com\/www.blogbbmontessori.com\/wp-content\/uploads\/2017\/04\/IMG_7055.jpg?resize=768%2C576&amp;ssl=1 768w, https:\/\/i0.wp.com\/www.blogbbmontessori.com\/wp-content\/uploads\/2017\/04\/IMG_7055.jpg?resize=1024%2C768&amp;ssl=1 1024w, https:\/\/i0.wp.com\/www.blogbbmontessori.com\/wp-content\/uploads\/2017\/04\/IMG_7055.jpg?resize=624%2C468&amp;ssl=1 624w, https:\/\/i0.wp.com\/www.blogbbmontessori.com\/wp-content\/uploads\/2017\/04\/IMG_7055.jpg?w=1250&amp;ssl=1 1250w, https:\/\/i0.wp.com\/www.blogbbmontessori.com\/wp-content\/uploads\/2017\/04\/IMG_7055.jpg?w=1875&amp;ssl=1 1875w\" sizes=\"auto, (max-width: 625px) 100vw, 625px\" \/><\/a><\/p>\n<p><strong>Pourquoi la d\u00e9marche Pikler en plus de la philosophie Montessori ?<\/strong><\/p>\n<p>Tout simplement parce que Mme Montessori avait eu pour mission de s&rsquo;occuper des enfants de plus de 5 ans et non pas des plus jeunes; elle a tr\u00e8s naturellement orient\u00e9 son travail dans la direction du d\u00e9veloppement de l&rsquo;enfant plus \u00e2g\u00e9.<br \/>\nNous avons donc combl\u00e9 les manques dans les principes de base de la p\u00e9dagogie Montessori par des applications concr\u00e8tes et bienveillantes de Mme Pikler,\u00a0 et c&rsquo;est ce que nous proposons \u00e0 nos lecteurs (et aussi \u00e0 nos <a href=\"http:\/\/formations.montessori.fr\/wordpress\/?page_id=655\">stagiaires<\/a>).<\/p>\n<p><em>\u00ab\u00a0Parce que tout ne commence pas \u00e0 3 ans, mais bien avant\u00a0\u00bb<\/em> Murielle Lefebvre<\/p>\n","protected":false},"excerpt":{"rendered":"<p>Pourquoi la d\u00e9marche Pikler en plus de la philosophie Montessori ? Tout simplement parce que Mme Montessori avait eu pour mission de s&rsquo;occuper des enfants de plus de 5 ans et non pas des plus jeunes; elle a tr\u00e8s naturellement orient\u00e9 son travail dans la direction du d\u00e9veloppement de l&rsquo;enfant plus \u00e2g\u00e9. Nous avons donc [&hellip;]<\/p>\n","protected":false},"author":2,"featured_media":0,"comment_status":"closed","ping_status":"open","sticky":false,"template":"","format":"standard","meta":{"jetpack_post_was_ever_published":false,"_jetpack_newsletter_access":"","_jetpack_dont_email_post_to_subs":false,"_jetpack_newsletter_tier_id":0,"_jetpack_memberships_contains_paywalled_content":false,"_jetpack_memberships_contains_paid_content":false,"footnotes":"","jetpack_publicize_message":"","jetpack_publicize_feature_enabled":true,"jetpack_social_post_already_shared":true,"jetpack_social_options":{"image_generator_settings":{"template":"highway","default_image_id":0,"font":"","enabled":false},"version":2}},"categories":[1],"tags":[214,476,825,821,829,318,830,69,323,391,527],"class_list":["post-10976","post","type-post","status-publish","format-standard","hentry","category-quotidien","tag-bebe","tag-bientraitance","tag-bienveillance","tag-classe-enfantine","tag-educateur","tag-education","tag-education-sensorielle-bienveillante","tag-livre","tag-montessori","tag-nido","tag-pikler"],"jetpack_publicize_connections":[],"jetpack_featured_media_url":"","jetpack_sharing_enabled":true,"jetpack_shortlink":"https:\/\/wp.me\/pm9U2-2R2","_links":{"self":[{"href":"https:\/\/www.blogbbmontessori.com\/index.php?rest_route=\/wp\/v2\/posts\/10976","targetHints":{"allow":["GET"]}}],"collection":[{"href":"https:\/\/www.blogbbmontessori.com\/index.php?rest_route=\/wp\/v2\/posts"}],"about":[{"href":"https:\/\/www.blogbbmontessori.com\/index.php?rest_route=\/wp\/v2\/types\/post"}],"author":[{"embeddable":true,"href":"https:\/\/www.blogbbmontessori.com\/index.php?rest_route=\/wp\/v2\/users\/2"}],"replies":[{"embeddable":true,"href":"https:\/\/www.blogbbmontessori.com\/index.php?rest_route=%2Fwp%2Fv2%2Fcomments&post=10976"}],"version-history":[{"count":4,"href":"https:\/\/www.blogbbmontessori.com\/index.php?rest_route=\/wp\/v2\/posts\/10976\/revisions"}],"predecessor-version":[{"id":10981,"href":"https:\/\/www.blogbbmontessori.com\/index.php?rest_route=\/wp\/v2\/posts\/10976\/revisions\/10981"}],"wp:attachment":[{"href":"https:\/\/www.blogbbmontessori.com\/index.php?rest_route=%2Fwp%2Fv2%2Fmedia&parent=10976"}],"wp:term":[{"taxonomy":"category","embeddable":true,"href":"https:\/\/www.blogbbmontessori.com\/index.php?rest_route=%2Fwp%2Fv2%2Fcategories&post=10976"},{"taxonomy":"post_tag","embeddable":true,"href":"https:\/\/www.blogbbmontessori.com\/index.php?rest_route=%2Fwp%2Fv2%2Ftags&post=10976"}],"curies":[{"name":"wp","href":"https:\/\/api.w.org\/{rel}","templated":true}]}}