{"id":10789,"date":"2016-10-09T13:22:30","date_gmt":"2016-10-09T11:22:30","guid":{"rendered":"http:\/\/www.blogbbmontessori.com\/?p=10789"},"modified":"2016-10-09T13:22:30","modified_gmt":"2016-10-09T11:22:30","slug":"montessori-avant-trois-ans","status":"publish","type":"post","link":"https:\/\/www.blogbbmontessori.com\/?p=10789","title":{"rendered":"Montessori avant trois ans ?"},"content":{"rendered":"<p style=\"text-align: justify;\">Peu de posts depuis la rentr\u00e9e car comme son nom l&rsquo;indique, on entre dans un nouveau rythme \u00e0 la fin de chaque \u00e9t\u00e9. Des projets continuent et d&rsquo;autres naissent. Nous avons des nouveaut\u00e9s \u00e9ditoriales en pr\u00e9paration et plus particuli\u00e8rement sur la tranche d&rsquo;\u00e2ges des enfants de moins de 3 ans. Encore une fois, c&rsquo;est <strong>d\u00e8s sa naissance<\/strong> que nous pouvons guider l&rsquo;enfant pour le mieux.<\/p>\n<p style=\"text-align: justify;\">Plus que jamais, il faut communiquer sur la p\u00e9dagogie Montessori avec <strong>pr\u00e9cisions<\/strong>, car j&rsquo;entends et je lis des \u00ab\u00a0horreurs\u00a0\u00bb. Derni\u00e8rement une personne ayant pour projet d&rsquo;ouvrir une cr\u00e8che montessori me dit qu&rsquo;il n&rsquo;y a aucun mat\u00e9riel dans la p\u00e9dagogie montessori pour les enfants avant 2 ans et demi. Elle me dit suivre une formation au sein d&rsquo;un organisme en France ? Je vais voir le site dudit organisme et je trouve en tant que formatrice, une personne qui s&rsquo;\u00e9tait inscrite sur notre plateforme d&rsquo;e-learning et n&rsquo;a pas suivi le cours de fa\u00e7on s\u00e9rieuse, a demand\u00e9 une extension des 12 mois, n&rsquo;a fait aucun devoir&#8230;. Je comprends mieux donc pourquoi toutes ces mauvaises informations se transmettent.<\/p>\n<p style=\"text-align: justify;\"><a href=\"https:\/\/www.blogbbmontessori.com\/?attachment_id=10793\" rel=\"attachment wp-att-10793\"><img data-recalc-dims=\"1\" loading=\"lazy\" decoding=\"async\" class=\"alignnone size-full wp-image-10793\" src=\"https:\/\/i0.wp.com\/www.blogbbmontessori.com\/wp-content\/uploads\/2016\/10\/be%CC%81be%CC%81s-assis.jpg?resize=625%2C418&#038;ssl=1\" alt=\"bebes-assis\" width=\"625\" height=\"418\" srcset=\"https:\/\/i0.wp.com\/www.blogbbmontessori.com\/wp-content\/uploads\/2016\/10\/be%CC%81be%CC%81s-assis.jpg?w=3872&amp;ssl=1 3872w, https:\/\/i0.wp.com\/www.blogbbmontessori.com\/wp-content\/uploads\/2016\/10\/be%CC%81be%CC%81s-assis.jpg?resize=300%2C201&amp;ssl=1 300w, https:\/\/i0.wp.com\/www.blogbbmontessori.com\/wp-content\/uploads\/2016\/10\/be%CC%81be%CC%81s-assis.jpg?resize=768%2C514&amp;ssl=1 768w, https:\/\/i0.wp.com\/www.blogbbmontessori.com\/wp-content\/uploads\/2016\/10\/be%CC%81be%CC%81s-assis.jpg?resize=1024%2C685&amp;ssl=1 1024w, https:\/\/i0.wp.com\/www.blogbbmontessori.com\/wp-content\/uploads\/2016\/10\/be%CC%81be%CC%81s-assis.jpg?resize=624%2C418&amp;ssl=1 624w, https:\/\/i0.wp.com\/www.blogbbmontessori.com\/wp-content\/uploads\/2016\/10\/be%CC%81be%CC%81s-assis.jpg?w=1250&amp;ssl=1 1250w, https:\/\/i0.wp.com\/www.blogbbmontessori.com\/wp-content\/uploads\/2016\/10\/be%CC%81be%CC%81s-assis.jpg?w=1875&amp;ssl=1 1875w\" sizes=\"auto, (max-width: 625px) 100vw, 625px\" \/><\/a><\/p>\n<p>&nbsp;<\/p>\n","protected":false},"excerpt":{"rendered":"<p>Peu de posts depuis la rentr\u00e9e car comme son nom l&rsquo;indique, on entre dans un nouveau rythme \u00e0 la fin de chaque \u00e9t\u00e9. Des projets continuent et d&rsquo;autres naissent. Nous avons des nouveaut\u00e9s \u00e9ditoriales en pr\u00e9paration et plus particuli\u00e8rement sur la tranche d&rsquo;\u00e2ges des enfants de moins de 3 ans. Encore une fois, c&rsquo;est d\u00e8s [&hellip;]<\/p>\n","protected":false},"author":2,"featured_media":0,"comment_status":"closed","ping_status":"open","sticky":false,"template":"","format":"standard","meta":{"jetpack_post_was_ever_published":false,"_jetpack_newsletter_access":"","_jetpack_dont_email_post_to_subs":false,"_jetpack_newsletter_tier_id":0,"_jetpack_memberships_contains_paywalled_content":false,"_jetpack_memberships_contains_paid_content":false,"footnotes":"","jetpack_publicize_message":"","jetpack_publicize_feature_enabled":true,"jetpack_social_post_already_shared":true,"jetpack_social_options":{"image_generator_settings":{"template":"highway","default_image_id":0,"font":"","enabled":false},"version":2}},"categories":[1],"tags":[],"class_list":["post-10789","post","type-post","status-publish","format-standard","hentry","category-quotidien"],"jetpack_publicize_connections":[],"jetpack_featured_media_url":"","jetpack_sharing_enabled":true,"jetpack_shortlink":"https:\/\/wp.me\/pm9U2-2O1","_links":{"self":[{"href":"https:\/\/www.blogbbmontessori.com\/index.php?rest_route=\/wp\/v2\/posts\/10789","targetHints":{"allow":["GET"]}}],"collection":[{"href":"https:\/\/www.blogbbmontessori.com\/index.php?rest_route=\/wp\/v2\/posts"}],"about":[{"href":"https:\/\/www.blogbbmontessori.com\/index.php?rest_route=\/wp\/v2\/types\/post"}],"author":[{"embeddable":true,"href":"https:\/\/www.blogbbmontessori.com\/index.php?rest_route=\/wp\/v2\/users\/2"}],"replies":[{"embeddable":true,"href":"https:\/\/www.blogbbmontessori.com\/index.php?rest_route=%2Fwp%2Fv2%2Fcomments&post=10789"}],"version-history":[{"count":5,"href":"https:\/\/www.blogbbmontessori.com\/index.php?rest_route=\/wp\/v2\/posts\/10789\/revisions"}],"predecessor-version":[{"id":10795,"href":"https:\/\/www.blogbbmontessori.com\/index.php?rest_route=\/wp\/v2\/posts\/10789\/revisions\/10795"}],"wp:attachment":[{"href":"https:\/\/www.blogbbmontessori.com\/index.php?rest_route=%2Fwp%2Fv2%2Fmedia&parent=10789"}],"wp:term":[{"taxonomy":"category","embeddable":true,"href":"https:\/\/www.blogbbmontessori.com\/index.php?rest_route=%2Fwp%2Fv2%2Fcategories&post=10789"},{"taxonomy":"post_tag","embeddable":true,"href":"https:\/\/www.blogbbmontessori.com\/index.php?rest_route=%2Fwp%2Fv2%2Ftags&post=10789"}],"curies":[{"name":"wp","href":"https:\/\/api.w.org\/{rel}","templated":true}]}}