{"id":10769,"date":"2016-09-22T22:09:51","date_gmt":"2016-09-22T20:09:51","guid":{"rendered":"http:\/\/www.blogbbmontessori.com\/?p=10769"},"modified":"2016-09-22T22:09:51","modified_gmt":"2016-09-22T20:09:51","slug":"mozart-enfant-prodige","status":"publish","type":"post","link":"https:\/\/www.blogbbmontessori.com\/?p=10769","title":{"rendered":"Mozart, enfant prodige"},"content":{"rendered":"<p><a href=\"https:\/\/www.blogbbmontessori.com\/?attachment_id=10770\" rel=\"attachment wp-att-10770\"><img data-recalc-dims=\"1\" loading=\"lazy\" decoding=\"async\" class=\"alignnone size-full wp-image-10770\" src=\"https:\/\/i0.wp.com\/www.blogbbmontessori.com\/wp-content\/uploads\/2016\/09\/Mozart.jpg?resize=625%2C352&#038;ssl=1\" alt=\"mozart\" width=\"625\" height=\"352\" srcset=\"https:\/\/i0.wp.com\/www.blogbbmontessori.com\/wp-content\/uploads\/2016\/09\/Mozart.jpg?w=4608&amp;ssl=1 4608w, https:\/\/i0.wp.com\/www.blogbbmontessori.com\/wp-content\/uploads\/2016\/09\/Mozart.jpg?resize=300%2C169&amp;ssl=1 300w, https:\/\/i0.wp.com\/www.blogbbmontessori.com\/wp-content\/uploads\/2016\/09\/Mozart.jpg?resize=768%2C432&amp;ssl=1 768w, https:\/\/i0.wp.com\/www.blogbbmontessori.com\/wp-content\/uploads\/2016\/09\/Mozart.jpg?resize=1024%2C576&amp;ssl=1 1024w, https:\/\/i0.wp.com\/www.blogbbmontessori.com\/wp-content\/uploads\/2016\/09\/Mozart.jpg?resize=624%2C351&amp;ssl=1 624w, https:\/\/i0.wp.com\/www.blogbbmontessori.com\/wp-content\/uploads\/2016\/09\/Mozart.jpg?w=1250&amp;ssl=1 1250w, https:\/\/i0.wp.com\/www.blogbbmontessori.com\/wp-content\/uploads\/2016\/09\/Mozart.jpg?w=1875&amp;ssl=1 1875w\" sizes=\"auto, (max-width: 625px) 100vw, 625px\" \/><\/a><\/p>\n<p style=\"text-align: justify;\">Selon les informations trouv\u00e9es sur le site https:\/\/www.wa-mozart.net\/enfance.htm, Wolfgang survit et passe le cap, difficile \u00e0 l&rsquo;\u00e9poque, des premi\u00e8res ann\u00e9es de vie. Ses parents sont musiciens professionnels et p\u00e9dagogues. Il est dou\u00e9 pour la musique, il interpr\u00e8te et\u00a0 compose m\u00eame. Ses parents lui font faire le tour des capitales Europ\u00e9ennes pendant sept ann\u00e9es pour jouer devant des cours royales. Il rencontre des musiciens, cr\u00e9e des liens, et tout ceci d\u00e8s son plus jeune \u00e2ge.<\/p>\n<p style=\"text-align: justify;\">A notre \u00e9poque, peut-on encore rencontrer des enfants prodiges ? Y-a-t-il des Wolfgang dans d&rsquo;autres domaines que celui de la musique ? Wolfgang aurait-il \u00e9t\u00e9 prodige si ses parents n&rsquo;avaient pas \u00e9t\u00e9 musiciens aussi ? Etait-ce h\u00e9r\u00e9ditaire, puisque sa soeur a\u00een\u00e9e semblait elle aussi une enfant prodige ? Quel \u00e9tait l&rsquo;environnement sensoriel, affectif et linguistique de Wolfgang ?<\/p>\n<p style=\"text-align: justify;\">Toujours l&rsquo;interminable question sur l&rsquo;inn\u00e9 et l&rsquo;acquis, sur l&rsquo;ambiance et l&rsquo;exp\u00e9rience&#8230;<\/p>\n<p>&nbsp;<\/p>\n","protected":false},"excerpt":{"rendered":"<p>Selon les informations trouv\u00e9es sur le site https:\/\/www.wa-mozart.net\/enfance.htm, Wolfgang survit et passe le cap, difficile \u00e0 l&rsquo;\u00e9poque, des premi\u00e8res ann\u00e9es de vie. Ses parents sont musiciens professionnels et p\u00e9dagogues. Il est dou\u00e9 pour la musique, il interpr\u00e8te et\u00a0 compose m\u00eame. Ses parents lui font faire le tour des capitales Europ\u00e9ennes pendant sept ann\u00e9es pour jouer [&hellip;]<\/p>\n","protected":false},"author":2,"featured_media":0,"comment_status":"closed","ping_status":"open","sticky":false,"template":"","format":"standard","meta":{"jetpack_post_was_ever_published":false,"_jetpack_newsletter_access":"","_jetpack_dont_email_post_to_subs":false,"_jetpack_newsletter_tier_id":0,"_jetpack_memberships_contains_paywalled_content":false,"_jetpack_memberships_contains_paid_content":false,"footnotes":"","jetpack_publicize_message":"","jetpack_publicize_feature_enabled":true,"jetpack_social_post_already_shared":true,"jetpack_social_options":{"image_generator_settings":{"template":"highway","default_image_id":0,"font":"","enabled":false},"version":2}},"categories":[54,1,28],"tags":[120],"class_list":["post-10769","post","type-post","status-publish","format-standard","hentry","category-periode-sensible","category-quotidien","category-vie-sensorielle","tag-musique"],"jetpack_publicize_connections":[],"jetpack_featured_media_url":"","jetpack_sharing_enabled":true,"jetpack_shortlink":"https:\/\/wp.me\/pm9U2-2NH","_links":{"self":[{"href":"https:\/\/www.blogbbmontessori.com\/index.php?rest_route=\/wp\/v2\/posts\/10769","targetHints":{"allow":["GET"]}}],"collection":[{"href":"https:\/\/www.blogbbmontessori.com\/index.php?rest_route=\/wp\/v2\/posts"}],"about":[{"href":"https:\/\/www.blogbbmontessori.com\/index.php?rest_route=\/wp\/v2\/types\/post"}],"author":[{"embeddable":true,"href":"https:\/\/www.blogbbmontessori.com\/index.php?rest_route=\/wp\/v2\/users\/2"}],"replies":[{"embeddable":true,"href":"https:\/\/www.blogbbmontessori.com\/index.php?rest_route=%2Fwp%2Fv2%2Fcomments&post=10769"}],"version-history":[{"count":7,"href":"https:\/\/www.blogbbmontessori.com\/index.php?rest_route=\/wp\/v2\/posts\/10769\/revisions"}],"predecessor-version":[{"id":10777,"href":"https:\/\/www.blogbbmontessori.com\/index.php?rest_route=\/wp\/v2\/posts\/10769\/revisions\/10777"}],"wp:attachment":[{"href":"https:\/\/www.blogbbmontessori.com\/index.php?rest_route=%2Fwp%2Fv2%2Fmedia&parent=10769"}],"wp:term":[{"taxonomy":"category","embeddable":true,"href":"https:\/\/www.blogbbmontessori.com\/index.php?rest_route=%2Fwp%2Fv2%2Fcategories&post=10769"},{"taxonomy":"post_tag","embeddable":true,"href":"https:\/\/www.blogbbmontessori.com\/index.php?rest_route=%2Fwp%2Fv2%2Ftags&post=10769"}],"curies":[{"name":"wp","href":"https:\/\/api.w.org\/{rel}","templated":true}]}}