{"id":10748,"date":"2016-09-11T16:13:42","date_gmt":"2016-09-11T14:13:42","guid":{"rendered":"http:\/\/www.blogbbmontessori.com\/?p=10748"},"modified":"2016-09-11T16:13:42","modified_gmt":"2016-09-11T14:13:42","slug":"les-cinq-sens-dans-quel-sens","status":"publish","type":"post","link":"https:\/\/www.blogbbmontessori.com\/?p=10748","title":{"rendered":"Les cinq sens, dans quel sens ?"},"content":{"rendered":"<p>Quel est l&rsquo;ordre d&rsquo;apparition des sens chez le foetus ?<\/p>\n<p><a href=\"https:\/\/www.blogbbmontessori.com\/?attachment_id=10749\" rel=\"attachment wp-att-10749\"><img data-recalc-dims=\"1\" loading=\"lazy\" decoding=\"async\" class=\"alignnone wp-image-10749\" src=\"https:\/\/i0.wp.com\/www.blogbbmontessori.com\/wp-content\/uploads\/2016\/09\/5-sens.jpg?resize=493%2C474&#038;ssl=1\" alt=\"5-sens\" width=\"493\" height=\"474\" \/><\/a><\/p>\n<p style=\"text-align: justify;\"><em>Tableau du peintre Hans Makart<\/em><\/p>\n<p style=\"text-align: justify;\"><span class=\"st\">Cette photo de l&rsquo;oeuvre picturale de M. Makart nous pr\u00e9sente dans l&rsquo;ordre : le toucher, l&rsquo;ou\u00efe, la vue, l&rsquo;odorat, le go\u00fbt selon une muse. Mais les sens s&rsquo;\u00e9veillent-ils dans l&rsquo;enfant dans cet ordre ?<br \/>\n<\/span><\/p>\n<p style=\"text-align: justify;\">Le toucher est un sens vraiment sp\u00e9cial car on le d\u00e9cline en plusieurs sensations. Maria Montessori l&rsquo;avait tr\u00e8s vite \u00ab\u00a0ressenti\u00a0\u00bb en citant le <strong>sens st\u00e9r\u00e9ognostique<\/strong> compl\u00e9mentaire de celui du toucher. (<a href=\"http:\/\/formations.montessori.fr\/wordpress\/?page_id=1120\">cf formation niveau 1<\/a>)<\/p>\n<p style=\"text-align: justify;\">Pour savoir quelles sensations le foetus ressent-il, il faut conna\u00eetre l&rsquo;ordre de formation des canaux r\u00e9cepteurs des sensations. La peau de b\u00e9b\u00e9 est le tout premier organe r\u00e9cepteur et donc il r\u00e9agit s&rsquo;il ressent une sensation sur sa ou contre sa peau.<br \/>\nEnsuite, si on en croit ce que disent certains sp\u00e9cialistes, ce serait le sens de l&rsquo;odorat qui est mis en place dans l&rsquo;ordre du d\u00e9veloppement des sens, mais comme l&rsquo;indique la derni\u00e8re colonne du tableau ci-dessous, les organes r\u00e9cepteurs ne parviennent pas \u00e0 maturit\u00e9 tous \u00e0 la m\u00eame vitesse.<\/p>\n<p style=\"text-align: justify;\"><a href=\"https:\/\/www.cairn.info\/loadimg.php?FILE=DUNOD_HC\/DUNOD_DELAS_2011_01\/DUNOD_DELAS_2011_01_0047\/DUNOD_DELAS_2011_01_0047_0000.jpg\" rel=\"attachment wp-att-10757\"><img data-recalc-dims=\"1\" loading=\"lazy\" decoding=\"async\" class=\"alignnone size-full wp-image-10757\" src=\"https:\/\/i0.wp.com\/www.blogbbmontessori.com\/wp-content\/uploads\/2016\/09\/sens.jpg?resize=625%2C305&#038;ssl=1\" alt=\"sens\" width=\"625\" height=\"305\" srcset=\"https:\/\/i0.wp.com\/www.blogbbmontessori.com\/wp-content\/uploads\/2016\/09\/sens.jpg?w=1500&amp;ssl=1 1500w, https:\/\/i0.wp.com\/www.blogbbmontessori.com\/wp-content\/uploads\/2016\/09\/sens.jpg?resize=300%2C146&amp;ssl=1 300w, https:\/\/i0.wp.com\/www.blogbbmontessori.com\/wp-content\/uploads\/2016\/09\/sens.jpg?resize=768%2C375&amp;ssl=1 768w, https:\/\/i0.wp.com\/www.blogbbmontessori.com\/wp-content\/uploads\/2016\/09\/sens.jpg?resize=1024%2C500&amp;ssl=1 1024w, https:\/\/i0.wp.com\/www.blogbbmontessori.com\/wp-content\/uploads\/2016\/09\/sens.jpg?resize=624%2C305&amp;ssl=1 624w, https:\/\/i0.wp.com\/www.blogbbmontessori.com\/wp-content\/uploads\/2016\/09\/sens.jpg?w=1250&amp;ssl=1 1250w\" sizes=\"auto, (max-width: 625px) 100vw, 625px\" \/><\/a><\/p>\n<p>&nbsp;<\/p>\n<p>&nbsp;<\/p>\n<p>&nbsp;<\/p>\n","protected":false},"excerpt":{"rendered":"<p>Quel est l&rsquo;ordre d&rsquo;apparition des sens chez le foetus ? Tableau du peintre Hans Makart Cette photo de l&rsquo;oeuvre picturale de M. Makart nous pr\u00e9sente dans l&rsquo;ordre : le toucher, l&rsquo;ou\u00efe, la vue, l&rsquo;odorat, le go\u00fbt selon une muse. Mais les sens s&rsquo;\u00e9veillent-ils dans l&rsquo;enfant dans cet ordre ? Le toucher est un sens vraiment [&hellip;]<\/p>\n","protected":false},"author":2,"featured_media":0,"comment_status":"closed","ping_status":"open","sticky":false,"template":"","format":"standard","meta":{"jetpack_post_was_ever_published":false,"_jetpack_newsletter_access":"","_jetpack_dont_email_post_to_subs":false,"_jetpack_newsletter_tier_id":0,"_jetpack_memberships_contains_paywalled_content":false,"_jetpack_memberships_contains_paid_content":false,"footnotes":"","jetpack_publicize_message":"","jetpack_publicize_feature_enabled":true,"jetpack_social_post_already_shared":true,"jetpack_social_options":{"image_generator_settings":{"template":"highway","default_image_id":0,"font":"","enabled":false},"version":2}},"categories":[5,20,54,1,28],"tags":[582,115,76,458,779,516,288],"class_list":["post-10748","post","type-post","status-publish","format-standard","hentry","category-formation","category-ordre","category-periode-sensible","category-quotidien","category-vie-sensorielle","tag-audition","tag-gout","tag-odorat","tag-sens","tag-stereognostique","tag-toucher","tag-vision"],"jetpack_publicize_connections":[],"jetpack_featured_media_url":"","jetpack_sharing_enabled":true,"jetpack_shortlink":"https:\/\/wp.me\/pm9U2-2Nm","_links":{"self":[{"href":"https:\/\/www.blogbbmontessori.com\/index.php?rest_route=\/wp\/v2\/posts\/10748","targetHints":{"allow":["GET"]}}],"collection":[{"href":"https:\/\/www.blogbbmontessori.com\/index.php?rest_route=\/wp\/v2\/posts"}],"about":[{"href":"https:\/\/www.blogbbmontessori.com\/index.php?rest_route=\/wp\/v2\/types\/post"}],"author":[{"embeddable":true,"href":"https:\/\/www.blogbbmontessori.com\/index.php?rest_route=\/wp\/v2\/users\/2"}],"replies":[{"embeddable":true,"href":"https:\/\/www.blogbbmontessori.com\/index.php?rest_route=%2Fwp%2Fv2%2Fcomments&post=10748"}],"version-history":[{"count":11,"href":"https:\/\/www.blogbbmontessori.com\/index.php?rest_route=\/wp\/v2\/posts\/10748\/revisions"}],"predecessor-version":[{"id":10761,"href":"https:\/\/www.blogbbmontessori.com\/index.php?rest_route=\/wp\/v2\/posts\/10748\/revisions\/10761"}],"wp:attachment":[{"href":"https:\/\/www.blogbbmontessori.com\/index.php?rest_route=%2Fwp%2Fv2%2Fmedia&parent=10748"}],"wp:term":[{"taxonomy":"category","embeddable":true,"href":"https:\/\/www.blogbbmontessori.com\/index.php?rest_route=%2Fwp%2Fv2%2Fcategories&post=10748"},{"taxonomy":"post_tag","embeddable":true,"href":"https:\/\/www.blogbbmontessori.com\/index.php?rest_route=%2Fwp%2Fv2%2Ftags&post=10748"}],"curies":[{"name":"wp","href":"https:\/\/api.w.org\/{rel}","templated":true}]}}