{"id":10723,"date":"2016-09-13T20:25:39","date_gmt":"2016-09-13T18:25:39","guid":{"rendered":"http:\/\/www.blogbbmontessori.com\/?p=10723"},"modified":"2016-09-13T20:25:39","modified_gmt":"2016-09-13T18:25:39","slug":"les-programmes-benefiques-aux-bebes","status":"publish","type":"post","link":"https:\/\/www.blogbbmontessori.com\/?p=10723","title":{"rendered":"Les programmes b\u00e9n\u00e9fiques aux b\u00e9b\u00e9s"},"content":{"rendered":"<p style=\"text-align: justify;\">Nous nous appuyons fortement sur les programmes bas\u00e9s sur la p\u00e9dagogie Montessori. c&rsquo;est-\u00e0-dire sur le respect des p\u00e9riodes sensibles chez le b\u00e9b\u00e9. Quelles sont-elles ?<\/p>\n<p style=\"text-align: justify;\">Entre 0 et 3 ans, l&rsquo;enfant passe du stade de nouveau-n\u00e9 \u00e0 celui d&rsquo;un petit \u00eatre qui affirme ce qu&rsquo;il veut et ce qu&rsquo;il ne veut pas. En trois ann\u00e9es, il explore le monde dans lequel il doit \u00e9voluer. Avec son corps et ses sens, il trace son chemin personnel et grandit dans toutes ses dimensions.<\/p>\n<p style=\"text-align: justify;\">Les programmes b\u00e9n\u00e9fiques pour le <strong>d\u00e9veloppement moteur du b\u00e9b\u00e9<\/strong> sont finalement encore peu nombreux. Il faut une grande salle, du mat\u00e9riel de psychomotricit\u00e9 et puis surtout du temps laiss\u00e9 \u00e0 chaque b\u00e9b\u00e9 pour explorer. Les salles sont souvent trop petites, sur-\u00e9quip\u00e9es de mat\u00e9riels en plastique encombrants, inutiles ou inadapt\u00e9s (baby relax). Albert Coeman et Emmi Pikler sont d&rsquo;excellentes sources d&rsquo;inspiration sur ce sujet.<\/p>\n<p style=\"text-align: justify;\">Les programmes b\u00e9n\u00e9fiques pour le <strong>d\u00e9veloppement de son intelligence<\/strong> sont encore \u00e0 inventer. Quelques tentatives sont en cours mais nous n&rsquo;avons pas encore admis que l&rsquo;ambiance et l&rsquo;environnement nourrissent l&rsquo;intelligence du b\u00e9b\u00e9.<br \/>\n<a href=\"http:\/\/formations.montessori.fr\/wordpress\/?page_id=999\">Le programme de langue fran\u00e7aise des signes pour b\u00e9b\u00e9s (LSFBB)<\/a> lui donnera une langue suppl\u00e9mentaire pr\u00e9coce. Le b\u00e9b\u00e9 na\u00eet naturellement bilingue, qu&rsquo;on se le dise !<\/p>\n<p style=\"text-align: justify;\">Il faut veiller \u00e9galement \u00e0 mettre le b\u00e9b\u00e9 au contact de la Nature; la grande, la vraie.<br \/>\nPr\u00e9voyons-nous cela dans les nouvelles structures ? (Pas dans la nouvelle mini-cr\u00e8che de mon village, au rez-de-chauss\u00e9e d&rsquo;un immeuble au raz du parking !).<\/p>\n<p><span class=\"embed-youtube\" style=\"text-align:center; display: block;\"><iframe loading=\"lazy\" class=\"youtube-player\" width=\"625\" height=\"352\" src=\"https:\/\/www.youtube.com\/embed\/RxTRobfPsyQ?version=3&#038;rel=1&#038;showsearch=0&#038;showinfo=1&#038;iv_load_policy=1&#038;fs=1&#038;hl=fr-FR&#038;autohide=2&#038;wmode=transparent\" allowfullscreen=\"true\" style=\"border:0;\" sandbox=\"allow-scripts allow-same-origin allow-popups allow-presentation allow-popups-to-escape-sandbox\"><\/iframe><\/span><\/p>\n<p>&nbsp;<\/p>\n<p>Soyons vigilants sur toutes les atteintes quotidiennes \u00e0 l&rsquo;intelligence du b\u00e9b\u00e9 !<\/p>\n<p style=\"text-align: justify;\">Les programmes b\u00e9n\u00e9fiques pour le <strong>d\u00e9veloppement de son \u00eatre social<\/strong> sont nombreux mais peu adapt\u00e9s aux besoins. Il s&rsquo;av\u00e8re que les structures \u00e9tatis\u00e9es sont souvent sous pression : de plus en plus d&rsquo;enfants pour atteindre un taux d&rsquo;occupation sup\u00e9rieur \u00e0 100%, de moins en moins de moyens (humains et p\u00e9dagogiques). Nos stagiaires et notre r\u00e9seau d&rsquo;\u00e9change professionnel nous rapporte qu&rsquo;on \u00ab\u00a0entasse les b\u00e9b\u00e9s et les adultes dans des structures o\u00f9 les professionnels sont de moins en moins qualifi\u00e9s et aussi de moins en moins heureux de faire leur travail, le management n&rsquo;est pas qualifi\u00e9, les d\u00e9cisions sont \u00e9tatiques&#8230; Je ne sais pas comment l&rsquo;enveloppe sociale du b\u00e9b\u00e9 va se d\u00e9velopper dans ce contexte ? Alors redoublons de vigilance. Les choix de vie, de qualit\u00e9 de vie, de lieu de vie s&rsquo;imposent \u00e0 nous adultes, pour que les enfants puissent se sentir bien.<\/p>\n<p>&nbsp;<\/p>\n<p>&nbsp;<\/p>\n","protected":false},"excerpt":{"rendered":"<p>Nous nous appuyons fortement sur les programmes bas\u00e9s sur la p\u00e9dagogie Montessori. c&rsquo;est-\u00e0-dire sur le respect des p\u00e9riodes sensibles chez le b\u00e9b\u00e9. Quelles sont-elles ? Entre 0 et 3 ans, l&rsquo;enfant passe du stade de nouveau-n\u00e9 \u00e0 celui d&rsquo;un petit \u00eatre qui affirme ce qu&rsquo;il veut et ce qu&rsquo;il ne veut pas. En trois ann\u00e9es, [&hellip;]<\/p>\n","protected":false},"author":2,"featured_media":0,"comment_status":"closed","ping_status":"open","sticky":false,"template":"","format":"standard","meta":{"jetpack_post_was_ever_published":false,"_jetpack_newsletter_access":"","_jetpack_dont_email_post_to_subs":false,"_jetpack_newsletter_tier_id":0,"_jetpack_memberships_contains_paywalled_content":false,"_jetpack_memberships_contains_paid_content":false,"footnotes":"","jetpack_publicize_message":"","jetpack_publicize_feature_enabled":true,"jetpack_social_post_already_shared":true,"jetpack_social_options":{"image_generator_settings":{"template":"highway","default_image_id":0,"font":"","enabled":false},"version":2}},"categories":[1],"tags":[],"class_list":["post-10723","post","type-post","status-publish","format-standard","hentry","category-quotidien"],"jetpack_publicize_connections":[],"jetpack_featured_media_url":"","jetpack_sharing_enabled":true,"jetpack_shortlink":"https:\/\/wp.me\/pm9U2-2MX","_links":{"self":[{"href":"https:\/\/www.blogbbmontessori.com\/index.php?rest_route=\/wp\/v2\/posts\/10723","targetHints":{"allow":["GET"]}}],"collection":[{"href":"https:\/\/www.blogbbmontessori.com\/index.php?rest_route=\/wp\/v2\/posts"}],"about":[{"href":"https:\/\/www.blogbbmontessori.com\/index.php?rest_route=\/wp\/v2\/types\/post"}],"author":[{"embeddable":true,"href":"https:\/\/www.blogbbmontessori.com\/index.php?rest_route=\/wp\/v2\/users\/2"}],"replies":[{"embeddable":true,"href":"https:\/\/www.blogbbmontessori.com\/index.php?rest_route=%2Fwp%2Fv2%2Fcomments&post=10723"}],"version-history":[{"count":15,"href":"https:\/\/www.blogbbmontessori.com\/index.php?rest_route=\/wp\/v2\/posts\/10723\/revisions"}],"predecessor-version":[{"id":10762,"href":"https:\/\/www.blogbbmontessori.com\/index.php?rest_route=\/wp\/v2\/posts\/10723\/revisions\/10762"}],"wp:attachment":[{"href":"https:\/\/www.blogbbmontessori.com\/index.php?rest_route=%2Fwp%2Fv2%2Fmedia&parent=10723"}],"wp:term":[{"taxonomy":"category","embeddable":true,"href":"https:\/\/www.blogbbmontessori.com\/index.php?rest_route=%2Fwp%2Fv2%2Fcategories&post=10723"},{"taxonomy":"post_tag","embeddable":true,"href":"https:\/\/www.blogbbmontessori.com\/index.php?rest_route=%2Fwp%2Fv2%2Ftags&post=10723"}],"curies":[{"name":"wp","href":"https:\/\/api.w.org\/{rel}","templated":true}]}}