{"id":10624,"date":"2016-06-16T17:49:54","date_gmt":"2016-06-16T15:49:54","guid":{"rendered":"http:\/\/www.blogbbmontessori.com\/?p=10624"},"modified":"2016-06-16T18:38:02","modified_gmt":"2016-06-16T16:38:02","slug":"mon-bene-a-peur-jai-peur","status":"publish","type":"post","link":"https:\/\/www.blogbbmontessori.com\/?p=10624","title":{"rendered":"\u00ab\u00a0Mon b\u00e9b\u00e9 a peur\u00a0\u00bb&#8230; \u00ab\u00a0J&rsquo;ai peur\u00a0\u00bb."},"content":{"rendered":"<p>Les enfants expriment leurs peurs. Comment les accueillons-nous ?<\/p>\n<p><a href=\"https:\/\/www.blogbbmontessori.com\/?attachment_id=10625\" rel=\"attachment wp-att-10625\"><img data-recalc-dims=\"1\" loading=\"lazy\" decoding=\"async\" class=\"alignnone size-full wp-image-10625\" src=\"https:\/\/i0.wp.com\/www.blogbbmontessori.com\/wp-content\/uploads\/2016\/06\/peur.png?resize=500%2C500&#038;ssl=1\" alt=\"peur\" width=\"500\" height=\"500\" srcset=\"https:\/\/i0.wp.com\/www.blogbbmontessori.com\/wp-content\/uploads\/2016\/06\/peur.png?w=500&amp;ssl=1 500w, https:\/\/i0.wp.com\/www.blogbbmontessori.com\/wp-content\/uploads\/2016\/06\/peur.png?resize=150%2C150&amp;ssl=1 150w, https:\/\/i0.wp.com\/www.blogbbmontessori.com\/wp-content\/uploads\/2016\/06\/peur.png?resize=300%2C300&amp;ssl=1 300w\" sizes=\"auto, (max-width: 500px) 100vw, 500px\" \/><\/a><\/p>\n<p style=\"text-align: justify;\"><strong>Quelle sont les peurs des enfants ? D&rsquo;o\u00f9 viennent-elles ?<\/strong><br \/>\nCela varie suivant l&rsquo;\u00e2ge de l&rsquo;enfant et aussi suivant le contexte social et \u00e9ducatif. Si son entourage est serein, il sera tranquille, \u00e0 priori. Pourtant il sursautera \u00e0 un bruit nouveau, sera inquiet d&rsquo;une nouvelle situation. Ne minimisons pas toutes les nouveaut\u00e9s impos\u00e9es aux petits enfants. (cf les livres de Maria Montessori sur le sujet).<br \/>\nLes sentiments de peur sont normales et nous pouvons aider l&rsquo;enfant \u00e0 les comprendre et les accueillir.<\/p>\n<p style=\"text-align: justify;\">Nous projetons nos peurs et les enfants les absorbent, les re\u00e7oivent, les per\u00e7oivent.<br \/>\n<strong>Quelles sont ces peurs et sont-elles l\u00e9gitimes ?<\/strong><br \/>\n&#8211; La peur de mal agir, de trop faire ou pas assez. \u00ab\u00a0Peut-on trop cajoler un enfant ?\u00a0\u00bb<br \/>\n&#8211; La peur d&rsquo;\u00e9chouer en tant qu&rsquo;\u00e9ducateur, quand on se sent responsable de tout ce que fait et dit son enfant. \u00ab\u00a0J&rsquo;ai peur qu&rsquo;il ne se comporte pas bien chez ses amis.\u00a0\u00bb<br \/>\n&#8211; La peur de passer \u00e0 c\u00f4t\u00e9 de quelque chose (<em>tout se joue avant 6 ans<\/em> est un exemple du pire livre \u00e0 conseiller aux adultes dans ce cas)<br \/>\n&#8211; La peur d&rsquo;\u00eatre trop s\u00e9v\u00e8re ou d&rsquo;\u00eatre trop laxiste. \u00ab\u00a0Je ne veux pas punir mon fils\u00a0\u00bb.<br \/>\nLa peur \u00e9motionnelle : \u00ab\u00a0Je n&rsquo;aime pas assez mon enfant\u00a0\u00bb, \u00ab\u00a0J&rsquo;aime plus ma fille que mon fils\u00a0\u00bb, \u00ab\u00a0Mon fils ne m&rsquo;aime pas\u00a0\u00bb.<br \/>\n&#8211; La peur pour l&rsquo;avenir de son enfant. \u00ab\u00a0J&rsquo;ai peur qu&rsquo;il ne tombe malade\u00a0\u00bb. \u00ab\u00a0J&rsquo;ai peur qu&rsquo;il \u00e9choue\u00a0\u00bb.<\/p>\n<p style=\"text-align: justify;\"><em><span style=\"color: #0000ff;\">\u00ab\u00a0Tu dis que tu aimes les fleurs et tu leur coupes la tige,\u00a0 tu dis que tu aimes les oiseaux et tu les mets en cage, tu dis que tu m&rsquo;aimes alors moi j&rsquo;ai <mark class=\"citation_highlight\">peur<\/mark>.\u00a0\u00bb<\/span><\/em><\/p>\n","protected":false},"excerpt":{"rendered":"<p>Les enfants expriment leurs peurs. Comment les accueillons-nous ? Quelle sont les peurs des enfants ? D&rsquo;o\u00f9 viennent-elles ? Cela varie suivant l&rsquo;\u00e2ge de l&rsquo;enfant et aussi suivant le contexte social et \u00e9ducatif. Si son entourage est serein, il sera tranquille, \u00e0 priori. Pourtant il sursautera \u00e0 un bruit nouveau, sera inquiet d&rsquo;une nouvelle situation. [&hellip;]<\/p>\n","protected":false},"author":2,"featured_media":0,"comment_status":"closed","ping_status":"open","sticky":false,"template":"","format":"standard","meta":{"jetpack_post_was_ever_published":false,"_jetpack_newsletter_access":"","_jetpack_dont_email_post_to_subs":false,"_jetpack_newsletter_tier_id":0,"_jetpack_memberships_contains_paywalled_content":false,"_jetpack_memberships_contains_paid_content":false,"footnotes":"","jetpack_publicize_message":"","jetpack_publicize_feature_enabled":true,"jetpack_social_post_already_shared":true,"jetpack_social_options":{"image_generator_settings":{"template":"highway","default_image_id":0,"font":"","enabled":false},"version":2}},"categories":[32,39,35,1],"tags":[],"class_list":["post-10624","post","type-post","status-publish","format-standard","hentry","category-emotions","category-environnement","category-liens-sociaux","category-quotidien"],"jetpack_publicize_connections":[],"jetpack_featured_media_url":"","jetpack_sharing_enabled":true,"jetpack_shortlink":"https:\/\/wp.me\/pm9U2-2Lm","_links":{"self":[{"href":"https:\/\/www.blogbbmontessori.com\/index.php?rest_route=\/wp\/v2\/posts\/10624","targetHints":{"allow":["GET"]}}],"collection":[{"href":"https:\/\/www.blogbbmontessori.com\/index.php?rest_route=\/wp\/v2\/posts"}],"about":[{"href":"https:\/\/www.blogbbmontessori.com\/index.php?rest_route=\/wp\/v2\/types\/post"}],"author":[{"embeddable":true,"href":"https:\/\/www.blogbbmontessori.com\/index.php?rest_route=\/wp\/v2\/users\/2"}],"replies":[{"embeddable":true,"href":"https:\/\/www.blogbbmontessori.com\/index.php?rest_route=%2Fwp%2Fv2%2Fcomments&post=10624"}],"version-history":[{"count":9,"href":"https:\/\/www.blogbbmontessori.com\/index.php?rest_route=\/wp\/v2\/posts\/10624\/revisions"}],"predecessor-version":[{"id":10634,"href":"https:\/\/www.blogbbmontessori.com\/index.php?rest_route=\/wp\/v2\/posts\/10624\/revisions\/10634"}],"wp:attachment":[{"href":"https:\/\/www.blogbbmontessori.com\/index.php?rest_route=%2Fwp%2Fv2%2Fmedia&parent=10624"}],"wp:term":[{"taxonomy":"category","embeddable":true,"href":"https:\/\/www.blogbbmontessori.com\/index.php?rest_route=%2Fwp%2Fv2%2Fcategories&post=10624"},{"taxonomy":"post_tag","embeddable":true,"href":"https:\/\/www.blogbbmontessori.com\/index.php?rest_route=%2Fwp%2Fv2%2Ftags&post=10624"}],"curies":[{"name":"wp","href":"https:\/\/api.w.org\/{rel}","templated":true}]}}