{"id":10452,"date":"2016-01-20T01:16:09","date_gmt":"2016-01-19T23:16:09","guid":{"rendered":"http:\/\/www.blogbbmontessori.com\/?p=10452"},"modified":"2016-01-20T01:16:09","modified_gmt":"2016-01-19T23:16:09","slug":"la-periode-psycho-embryonnaire-de-lenfant","status":"publish","type":"post","link":"https:\/\/www.blogbbmontessori.com\/?p=10452","title":{"rendered":"La p\u00e9riode psycho-embryonnaire de l&rsquo;enfant"},"content":{"rendered":"<p>Maria Montessori, dans son livre <em>L&rsquo;esprit absorbant<\/em>, <a href=\"http:\/\/formations.montessori.fr\/wordpress\/?page_id=1120\">(gratuit pour les stagiaires)<\/a> nous d\u00e9crit la p\u00e9riode psycho-embryonnaire qui ne laisse pas de traces dans la m\u00e9moire de l&rsquo;individu.\u00a0 Avant l&rsquo;\u00e2ge de 3 ans les fonctions se construisent, apr\u00e8s, elles se d\u00e9veloppent.<\/p>\n<p>M\u00eame la psychanalyse ne peut faire revenir de souvenirs avant 3 ans puisque le cerveau de l&rsquo;enfant est en construction.<\/p>\n<p><a href=\"https:\/\/www.blogbbmontessori.com\/?attachment_id=10453\" rel=\"attachment wp-att-10453\"><img data-recalc-dims=\"1\" loading=\"lazy\" decoding=\"async\" class=\"alignnone size-full wp-image-10453\" src=\"https:\/\/i0.wp.com\/www.blogbbmontessori.com\/wp-content\/uploads\/2016\/01\/bain.jpg?resize=625%2C418&#038;ssl=1\" alt=\"bain\" width=\"625\" height=\"418\" srcset=\"https:\/\/i0.wp.com\/www.blogbbmontessori.com\/wp-content\/uploads\/2016\/01\/bain.jpg?w=3872&amp;ssl=1 3872w, https:\/\/i0.wp.com\/www.blogbbmontessori.com\/wp-content\/uploads\/2016\/01\/bain.jpg?resize=300%2C201&amp;ssl=1 300w, https:\/\/i0.wp.com\/www.blogbbmontessori.com\/wp-content\/uploads\/2016\/01\/bain.jpg?resize=768%2C514&amp;ssl=1 768w, https:\/\/i0.wp.com\/www.blogbbmontessori.com\/wp-content\/uploads\/2016\/01\/bain.jpg?resize=1024%2C685&amp;ssl=1 1024w, https:\/\/i0.wp.com\/www.blogbbmontessori.com\/wp-content\/uploads\/2016\/01\/bain.jpg?resize=624%2C418&amp;ssl=1 624w, https:\/\/i0.wp.com\/www.blogbbmontessori.com\/wp-content\/uploads\/2016\/01\/bain.jpg?w=1250&amp;ssl=1 1250w, https:\/\/i0.wp.com\/www.blogbbmontessori.com\/wp-content\/uploads\/2016\/01\/bain.jpg?w=1875&amp;ssl=1 1875w\" sizes=\"auto, (max-width: 625px) 100vw, 625px\" \/><\/a><\/p>\n<p>Prot\u00e9geons le d\u00e9veloppement psychique de l&rsquo;enfant durant cette p\u00e9riode car il d\u00e9pend compl\u00e9tement de l&rsquo;adulte.<\/p>\n","protected":false},"excerpt":{"rendered":"<p>Maria Montessori, dans son livre L&rsquo;esprit absorbant, (gratuit pour les stagiaires) nous d\u00e9crit la p\u00e9riode psycho-embryonnaire qui ne laisse pas de traces dans la m\u00e9moire de l&rsquo;individu.\u00a0 Avant l&rsquo;\u00e2ge de 3 ans les fonctions se construisent, apr\u00e8s, elles se d\u00e9veloppent. M\u00eame la psychanalyse ne peut faire revenir de souvenirs avant 3 ans puisque le cerveau [&hellip;]<\/p>\n","protected":false},"author":2,"featured_media":0,"comment_status":"closed","ping_status":"open","sticky":false,"template":"","format":"standard","meta":{"jetpack_post_was_ever_published":false,"_jetpack_newsletter_access":"","_jetpack_dont_email_post_to_subs":false,"_jetpack_newsletter_tier_id":0,"_jetpack_memberships_contains_paywalled_content":false,"_jetpack_memberships_contains_paid_content":false,"footnotes":"","jetpack_publicize_message":"","jetpack_publicize_feature_enabled":true,"jetpack_social_post_already_shared":true,"jetpack_social_options":{"image_generator_settings":{"template":"highway","default_image_id":0,"font":"","enabled":false},"version":2}},"categories":[252,1],"tags":[752,755,753,754,756],"class_list":["post-10452","post","type-post","status-publish","format-standard","hentry","category-0-6-mois","category-quotidien","tag-embryon","tag-memoires","tag-periode-embryonnaire","tag-psycho-embryonnaire","tag-souvenirs"],"jetpack_publicize_connections":[],"jetpack_featured_media_url":"","jetpack_sharing_enabled":true,"jetpack_shortlink":"https:\/\/wp.me\/pm9U2-2IA","_links":{"self":[{"href":"https:\/\/www.blogbbmontessori.com\/index.php?rest_route=\/wp\/v2\/posts\/10452","targetHints":{"allow":["GET"]}}],"collection":[{"href":"https:\/\/www.blogbbmontessori.com\/index.php?rest_route=\/wp\/v2\/posts"}],"about":[{"href":"https:\/\/www.blogbbmontessori.com\/index.php?rest_route=\/wp\/v2\/types\/post"}],"author":[{"embeddable":true,"href":"https:\/\/www.blogbbmontessori.com\/index.php?rest_route=\/wp\/v2\/users\/2"}],"replies":[{"embeddable":true,"href":"https:\/\/www.blogbbmontessori.com\/index.php?rest_route=%2Fwp%2Fv2%2Fcomments&post=10452"}],"version-history":[{"count":6,"href":"https:\/\/www.blogbbmontessori.com\/index.php?rest_route=\/wp\/v2\/posts\/10452\/revisions"}],"predecessor-version":[{"id":10459,"href":"https:\/\/www.blogbbmontessori.com\/index.php?rest_route=\/wp\/v2\/posts\/10452\/revisions\/10459"}],"wp:attachment":[{"href":"https:\/\/www.blogbbmontessori.com\/index.php?rest_route=%2Fwp%2Fv2%2Fmedia&parent=10452"}],"wp:term":[{"taxonomy":"category","embeddable":true,"href":"https:\/\/www.blogbbmontessori.com\/index.php?rest_route=%2Fwp%2Fv2%2Fcategories&post=10452"},{"taxonomy":"post_tag","embeddable":true,"href":"https:\/\/www.blogbbmontessori.com\/index.php?rest_route=%2Fwp%2Fv2%2Ftags&post=10452"}],"curies":[{"name":"wp","href":"https:\/\/api.w.org\/{rel}","templated":true}]}}