{"id":10361,"date":"2015-09-01T20:47:10","date_gmt":"2015-09-01T18:47:10","guid":{"rendered":"http:\/\/www.blogbbmontessori.com\/?p=10361"},"modified":"2015-09-01T20:48:49","modified_gmt":"2015-09-01T18:48:49","slug":"colloque-violence-dans-les-soins","status":"publish","type":"post","link":"https:\/\/www.blogbbmontessori.com\/?p=10361","title":{"rendered":"Colloque \u00ab\u00a0violence dans les soins\u00a0\u00bb"},"content":{"rendered":"<p><span style=\"color: #0000ff;\">Une fois n&rsquo;est pas coutume, voici un colloque qui nous semble pertinant sur la probl\u00e9matique du soin en g\u00e9n\u00e9ral\u00a0 :<\/span><\/p>\n<p><a href=\"https:\/\/i0.wp.com\/www.blogbbmontessori.com\/wp-content\/uploads\/2015\/09\/salle-de-soins-mC%CC%A7dicaux.png?ssl=1\"><img data-recalc-dims=\"1\" loading=\"lazy\" decoding=\"async\" class=\"size-full wp-image-10363 aligncenter\" src=\"https:\/\/i0.wp.com\/www.blogbbmontessori.com\/wp-content\/uploads\/2015\/09\/salle-de-soins-mC%CC%A7dicaux.png?resize=283%2C283&#038;ssl=1\" alt=\"\" width=\"283\" height=\"283\" srcset=\"https:\/\/i0.wp.com\/www.blogbbmontessori.com\/wp-content\/uploads\/2015\/09\/salle-de-soins-mC%CC%A7dicaux.png?w=283&amp;ssl=1 283w, https:\/\/i0.wp.com\/www.blogbbmontessori.com\/wp-content\/uploads\/2015\/09\/salle-de-soins-mC%CC%A7dicaux.png?resize=150%2C150&amp;ssl=1 150w\" sizes=\"auto, (max-width: 283px) 100vw, 283px\" \/><\/a><\/p>\n<h2 style=\"text-align: justify;\"><em>Violences dans les soins<\/em><br \/>\n<em> Paris les 11 et 12 septembre 2015<\/em><\/h2>\n<p style=\"text-align: justify;\"><em>Colloque ind\u00e9pendant de \u00ab Violences dans les parentalit\u00e9s\u00a0\u00bb<\/em><\/p>\n<p style=\"text-align: justify;\"><em>Cette seconde partie, apr\u00e8s deux jours sur \u00ab Violences dans les parentalit\u00e9s\u00a0\u00bb (26 et 27 mars \u00e0 Lyon), traitera la question de la violence dans les soins, des formes et des sources de cette violence.<\/em><\/p>\n<p style=\"text-align: justify;\"><em>L\u2019activit\u00e9 de soin concerne ici le soin psychique mais aussi le soin somatique, voire le soin social, les praxis qui s\u2019adressent aux sujets porteurs de troubles ou de souffrances psychiques et\/ou de troubles somatiques, fonctionnels, corporels, voire qui souffrent d\u2019exclusion. La violence ici en question est \u00ab ordinaire \u00bb, rarement reconnue par les protagonistes. Elle infiltre les pratiques de soin et les institutions, les conditionne souvent, d\u00e9tourne parfois l\u2019objet des pratiques \u2013 ou r\u00e9sulte d\u2019un tel d\u00e9tournement. Elle peut \u00eatre individuelle, groupale, institutionnelle, sociale. Elle peut concerner les enfants, les adolescents, les adultes, les personnes \u00e2g\u00e9es, les malades physiques et les malades mentaux, les sujets porteurs de handicaps, les sujets en difficult\u00e9 sociales ou \u00e9ducatives. Il s\u2019agit souvent de violences clandestines, inconscientes, m\u00e9connues de leurs auteurs et parfois de leurs victimes.<\/em><\/p>\n<p style=\"text-align: justify;\"><em>Les conf\u00e9rences engageront une r\u00e9flexion et un d\u00e9bat \u00e0 propos de la violence sociale et les sources sociales et sociopolitiques de la violence ; la violence institutionnelle et les sources institutionnelles et organisationnelles de la violence ; la violence interindividuelle au sein de la relation soignante et ses sources transf\u00e9rentielles et contre-transf\u00e9rentielles. Cette r\u00e9flexion sera d\u00e9velopp\u00e9e lors de tables rondes, par l\u2019analyse de sc\u00e8nes cliniques o\u00f9 apparaissent l\u2019une, l\u2019autre ou plusieurs des formes et des sources de violence.<\/em><\/p>\n<p><a href=\"http:\/\/www.copes.fr\">http:\/\/www.copes.fr<\/a><\/p>\n<p style=\"text-align: justify;\">\n","protected":false},"excerpt":{"rendered":"<p>Une fois n&rsquo;est pas coutume, voici un colloque qui nous semble pertinant sur la probl\u00e9matique du soin en g\u00e9n\u00e9ral\u00a0 : Violences dans les soins Paris les 11 et 12 septembre 2015 Colloque ind\u00e9pendant de \u00ab Violences dans les parentalit\u00e9s\u00a0\u00bb Cette seconde partie, apr\u00e8s deux jours sur \u00ab Violences dans les parentalit\u00e9s\u00a0\u00bb (26 et 27 mars [&hellip;]<\/p>\n","protected":false},"author":2,"featured_media":0,"comment_status":"closed","ping_status":"open","sticky":false,"template":"","format":"standard","meta":{"jetpack_post_was_ever_published":false,"_jetpack_newsletter_access":"","_jetpack_dont_email_post_to_subs":false,"_jetpack_newsletter_tier_id":0,"_jetpack_memberships_contains_paywalled_content":false,"_jetpack_memberships_contains_paid_content":false,"footnotes":"","jetpack_publicize_message":"","jetpack_publicize_feature_enabled":true,"jetpack_social_post_already_shared":true,"jetpack_social_options":{"image_generator_settings":{"template":"highway","default_image_id":0,"font":"","enabled":false},"version":2}},"categories":[1],"tags":[],"class_list":["post-10361","post","type-post","status-publish","format-standard","hentry","category-quotidien"],"jetpack_publicize_connections":[],"jetpack_featured_media_url":"","jetpack_sharing_enabled":true,"jetpack_shortlink":"https:\/\/wp.me\/pm9U2-2H7","_links":{"self":[{"href":"https:\/\/www.blogbbmontessori.com\/index.php?rest_route=\/wp\/v2\/posts\/10361","targetHints":{"allow":["GET"]}}],"collection":[{"href":"https:\/\/www.blogbbmontessori.com\/index.php?rest_route=\/wp\/v2\/posts"}],"about":[{"href":"https:\/\/www.blogbbmontessori.com\/index.php?rest_route=\/wp\/v2\/types\/post"}],"author":[{"embeddable":true,"href":"https:\/\/www.blogbbmontessori.com\/index.php?rest_route=\/wp\/v2\/users\/2"}],"replies":[{"embeddable":true,"href":"https:\/\/www.blogbbmontessori.com\/index.php?rest_route=%2Fwp%2Fv2%2Fcomments&post=10361"}],"version-history":[{"count":3,"href":"https:\/\/www.blogbbmontessori.com\/index.php?rest_route=\/wp\/v2\/posts\/10361\/revisions"}],"predecessor-version":[{"id":10365,"href":"https:\/\/www.blogbbmontessori.com\/index.php?rest_route=\/wp\/v2\/posts\/10361\/revisions\/10365"}],"wp:attachment":[{"href":"https:\/\/www.blogbbmontessori.com\/index.php?rest_route=%2Fwp%2Fv2%2Fmedia&parent=10361"}],"wp:term":[{"taxonomy":"category","embeddable":true,"href":"https:\/\/www.blogbbmontessori.com\/index.php?rest_route=%2Fwp%2Fv2%2Fcategories&post=10361"},{"taxonomy":"post_tag","embeddable":true,"href":"https:\/\/www.blogbbmontessori.com\/index.php?rest_route=%2Fwp%2Fv2%2Ftags&post=10361"}],"curies":[{"name":"wp","href":"https:\/\/api.w.org\/{rel}","templated":true}]}}