{"id":10287,"date":"2015-04-27T22:03:00","date_gmt":"2015-04-27T20:03:00","guid":{"rendered":"http:\/\/www.blogbbmontessori.com\/?p=10287"},"modified":"2015-04-27T22:06:16","modified_gmt":"2015-04-27T20:06:16","slug":"comment-adapter-le-salon-de-notre-appartement-pour-notre-fils-de-14-mois","status":"publish","type":"post","link":"https:\/\/www.blogbbmontessori.com\/?p=10287","title":{"rendered":"Comment adapter le salon de notre appartement pour notre fils de 14 mois ?"},"content":{"rendered":"<div>\n<p style=\"text-align: justify;\">Une famille suissesse m&rsquo;adresse un email et des photos pour leur donner des pistes pour am\u00e9liorer leur installation de vie. Voici une partie de ma r\u00e9ponse.<\/p>\n<p style=\"text-align: justify;\">Je trouve pas mal qu&rsquo;il y ait un espace adapt\u00e9 et \u00e9quip\u00e9 pour votre enfant dans chaque pi\u00e8ce de la maison : de la salle de bain \u00e0 la chambre en passant par la cuisine et le salon, <strong>l&rsquo;enfant doit se sentir s\u00e9curis\u00e9 et chez lui dans chaque pi\u00e8ce<\/strong>.<\/p>\n<p><a href=\"https:\/\/i0.wp.com\/www.blogbbmontessori.com\/wp-content\/uploads\/2015\/04\/pouf.jpg?ssl=1\"><img data-recalc-dims=\"1\" loading=\"lazy\" decoding=\"async\" class=\"alignnone size-full wp-image-10292\" src=\"https:\/\/i0.wp.com\/www.blogbbmontessori.com\/wp-content\/uploads\/2015\/04\/pouf.jpg?resize=540%2C360&#038;ssl=1\" alt=\"pouf\" width=\"540\" height=\"360\" srcset=\"https:\/\/i0.wp.com\/www.blogbbmontessori.com\/wp-content\/uploads\/2015\/04\/pouf.jpg?w=540&amp;ssl=1 540w, https:\/\/i0.wp.com\/www.blogbbmontessori.com\/wp-content\/uploads\/2015\/04\/pouf.jpg?resize=300%2C200&amp;ssl=1 300w\" sizes=\"auto, (max-width: 540px) 100vw, 540px\" \/><\/a><\/p>\n<p style=\"text-align: justify;\">A vous <strong>d&rsquo;observer et r\u00e9fl\u00e9chir sur l&rsquo;am\u00e9nagement,<\/strong> sachant que durant les premi\u00e8res ann\u00e9es de l&rsquo;enfant, l&rsquo;environnement est \u00e0 modifier sans cesse tant le d\u00e9veloppement global de l&rsquo;individu est <strong>rapide<\/strong>.<\/p>\n<\/div>\n<p style=\"text-align: justify;\">L&rsquo;enfant grandit, d\u00e9veloppe son aisance dans les mouvements, se met \u00e0 parler et a besoin d&rsquo;activit\u00e9s nourrici\u00e8res de son intelligence, le tout dans une ambiance d&rsquo;amour et d&rsquo;\u00e9coute. C&rsquo;est un challenge de tous les instants pour les parents souhaitant faire au mieux pour accompagner la croissance de leur enfant.<\/p>\n<p style=\"text-align: justify;\"><strong>Ordre et autonomie<\/strong> sont \u00e0 mettre en t\u00eate de liste de vos objectifs et crit\u00e8res de choix de mat\u00e9riels, mobiliers et activit\u00e9s. Chaque chose est \u00e0 sa place, \u00e0 la hauteur (ou non) de l&rsquo;enfant.<\/p>\n<p>&nbsp;<\/p>\n","protected":false},"excerpt":{"rendered":"<p>Une famille suissesse m&rsquo;adresse un email et des photos pour leur donner des pistes pour am\u00e9liorer leur installation de vie. Voici une partie de ma r\u00e9ponse. Je trouve pas mal qu&rsquo;il y ait un espace adapt\u00e9 et \u00e9quip\u00e9 pour votre enfant dans chaque pi\u00e8ce de la maison : de la salle de bain \u00e0 la [&hellip;]<\/p>\n","protected":false},"author":2,"featured_media":0,"comment_status":"closed","ping_status":"open","sticky":false,"template":"","format":"standard","meta":{"jetpack_post_was_ever_published":false,"_jetpack_newsletter_access":"","_jetpack_dont_email_post_to_subs":false,"_jetpack_newsletter_tier_id":0,"_jetpack_memberships_contains_paywalled_content":false,"_jetpack_memberships_contains_paid_content":false,"footnotes":"","jetpack_publicize_message":"","jetpack_publicize_feature_enabled":true,"jetpack_social_post_already_shared":true,"jetpack_social_options":{"image_generator_settings":{"template":"highway","default_image_id":0,"font":"","enabled":false},"version":2}},"categories":[252,254,255,1],"tags":[650,727,472],"class_list":["post-10287","post","type-post","status-publish","format-standard","hentry","category-0-6-mois","category-06-12-mois","category-12-18-mois","category-quotidien","tag-amenagement","tag-maison","tag-salon"],"jetpack_publicize_connections":[],"jetpack_featured_media_url":"","jetpack_sharing_enabled":true,"jetpack_shortlink":"https:\/\/wp.me\/pm9U2-2FV","_links":{"self":[{"href":"https:\/\/www.blogbbmontessori.com\/index.php?rest_route=\/wp\/v2\/posts\/10287","targetHints":{"allow":["GET"]}}],"collection":[{"href":"https:\/\/www.blogbbmontessori.com\/index.php?rest_route=\/wp\/v2\/posts"}],"about":[{"href":"https:\/\/www.blogbbmontessori.com\/index.php?rest_route=\/wp\/v2\/types\/post"}],"author":[{"embeddable":true,"href":"https:\/\/www.blogbbmontessori.com\/index.php?rest_route=\/wp\/v2\/users\/2"}],"replies":[{"embeddable":true,"href":"https:\/\/www.blogbbmontessori.com\/index.php?rest_route=%2Fwp%2Fv2%2Fcomments&post=10287"}],"version-history":[{"count":9,"href":"https:\/\/www.blogbbmontessori.com\/index.php?rest_route=\/wp\/v2\/posts\/10287\/revisions"}],"predecessor-version":[{"id":10297,"href":"https:\/\/www.blogbbmontessori.com\/index.php?rest_route=\/wp\/v2\/posts\/10287\/revisions\/10297"}],"wp:attachment":[{"href":"https:\/\/www.blogbbmontessori.com\/index.php?rest_route=%2Fwp%2Fv2%2Fmedia&parent=10287"}],"wp:term":[{"taxonomy":"category","embeddable":true,"href":"https:\/\/www.blogbbmontessori.com\/index.php?rest_route=%2Fwp%2Fv2%2Fcategories&post=10287"},{"taxonomy":"post_tag","embeddable":true,"href":"https:\/\/www.blogbbmontessori.com\/index.php?rest_route=%2Fwp%2Fv2%2Ftags&post=10287"}],"curies":[{"name":"wp","href":"https:\/\/api.w.org\/{rel}","templated":true}]}}