{"id":10268,"date":"2015-04-16T17:48:36","date_gmt":"2015-04-16T15:48:36","guid":{"rendered":"http:\/\/www.blogbbmontessori.com\/?p=10268"},"modified":"2015-04-16T17:48:36","modified_gmt":"2015-04-16T15:48:36","slug":"la-pedagogie-inclusive-accueil-des-autistes-a-lecole-publique","status":"publish","type":"post","link":"https:\/\/www.blogbbmontessori.com\/?p=10268","title":{"rendered":"La p\u00e9dagogie inclusive : accueil des autistes \u00e0 l&rsquo;\u00e9cole publique"},"content":{"rendered":"<p><a href=\"http:\/\/www.franceculture.fr\/emission-le-choix-de-la-redaction-quelle-scolarisation-pour-les-enfants-autistes-2015-04-16\">http:\/\/www.franceculture.fr\/emission-le-choix-de-la-redaction-quelle-scolarisation-pour-les-enfants-autistes-2015-04-16<\/a><\/p>\n<p style=\"text-align: center;\"><a href=\"https:\/\/i0.wp.com\/www.blogbbmontessori.com\/wp-content\/uploads\/2015\/04\/content.png?ssl=1\"><img data-recalc-dims=\"1\" loading=\"lazy\" decoding=\"async\" class=\" size-full wp-image-10269 aligncenter\" src=\"https:\/\/i0.wp.com\/www.blogbbmontessori.com\/wp-content\/uploads\/2015\/04\/content.png?resize=500%2C500&#038;ssl=1\" alt=\"content\" width=\"500\" height=\"500\" srcset=\"https:\/\/i0.wp.com\/www.blogbbmontessori.com\/wp-content\/uploads\/2015\/04\/content.png?w=500&amp;ssl=1 500w, https:\/\/i0.wp.com\/www.blogbbmontessori.com\/wp-content\/uploads\/2015\/04\/content.png?resize=150%2C150&amp;ssl=1 150w, https:\/\/i0.wp.com\/www.blogbbmontessori.com\/wp-content\/uploads\/2015\/04\/content.png?resize=300%2C300&amp;ssl=1 300w\" sizes=\"auto, (max-width: 500px) 100vw, 500px\" \/><\/a><em>Picto \u00ab\u00a0content\u00a0\u00bb de ARASAAC<\/em><\/p>\n","protected":false},"excerpt":{"rendered":"<p>http:\/\/www.franceculture.fr\/emission-le-choix-de-la-redaction-quelle-scolarisation-pour-les-enfants-autistes-2015-04-16 Picto \u00ab\u00a0content\u00a0\u00bb de ARASAAC<\/p>\n","protected":false},"author":2,"featured_media":0,"comment_status":"closed","ping_status":"open","sticky":false,"template":"","format":"standard","meta":{"jetpack_post_was_ever_published":false,"_jetpack_newsletter_access":"","_jetpack_dont_email_post_to_subs":false,"_jetpack_newsletter_tier_id":0,"_jetpack_memberships_contains_paywalled_content":false,"_jetpack_memberships_contains_paid_content":false,"footnotes":"","jetpack_publicize_message":"","jetpack_publicize_feature_enabled":true,"jetpack_social_post_already_shared":true,"jetpack_social_options":{"image_generator_settings":{"template":"highway","default_image_id":0,"font":"","enabled":false},"version":2}},"categories":[257,1],"tags":[423,724,726,725],"class_list":["post-10268","post","type-post","status-publish","format-standard","hentry","category-24-36-mois","category-quotidien","tag-autisme","tag-autiste","tag-pedagogie-inclusive","tag-picto"],"jetpack_publicize_connections":[],"jetpack_featured_media_url":"","jetpack_sharing_enabled":true,"jetpack_shortlink":"https:\/\/wp.me\/pm9U2-2FC","_links":{"self":[{"href":"https:\/\/www.blogbbmontessori.com\/index.php?rest_route=\/wp\/v2\/posts\/10268","targetHints":{"allow":["GET"]}}],"collection":[{"href":"https:\/\/www.blogbbmontessori.com\/index.php?rest_route=\/wp\/v2\/posts"}],"about":[{"href":"https:\/\/www.blogbbmontessori.com\/index.php?rest_route=\/wp\/v2\/types\/post"}],"author":[{"embeddable":true,"href":"https:\/\/www.blogbbmontessori.com\/index.php?rest_route=\/wp\/v2\/users\/2"}],"replies":[{"embeddable":true,"href":"https:\/\/www.blogbbmontessori.com\/index.php?rest_route=%2Fwp%2Fv2%2Fcomments&post=10268"}],"version-history":[{"count":4,"href":"https:\/\/www.blogbbmontessori.com\/index.php?rest_route=\/wp\/v2\/posts\/10268\/revisions"}],"predecessor-version":[{"id":10273,"href":"https:\/\/www.blogbbmontessori.com\/index.php?rest_route=\/wp\/v2\/posts\/10268\/revisions\/10273"}],"wp:attachment":[{"href":"https:\/\/www.blogbbmontessori.com\/index.php?rest_route=%2Fwp%2Fv2%2Fmedia&parent=10268"}],"wp:term":[{"taxonomy":"category","embeddable":true,"href":"https:\/\/www.blogbbmontessori.com\/index.php?rest_route=%2Fwp%2Fv2%2Fcategories&post=10268"},{"taxonomy":"post_tag","embeddable":true,"href":"https:\/\/www.blogbbmontessori.com\/index.php?rest_route=%2Fwp%2Fv2%2Ftags&post=10268"}],"curies":[{"name":"wp","href":"https:\/\/api.w.org\/{rel}","templated":true}]}}