{"id":10148,"date":"2015-01-22T01:00:55","date_gmt":"2015-01-21T23:00:55","guid":{"rendered":"http:\/\/www.blogbbmontessori.com\/?p=10148"},"modified":"2015-01-22T01:00:55","modified_gmt":"2015-01-21T23:00:55","slug":"la-main-du-bebe-suite","status":"publish","type":"post","link":"https:\/\/www.blogbbmontessori.com\/?p=10148","title":{"rendered":"La main du b\u00e9b\u00e9 (suite)"},"content":{"rendered":"<p><a href=\"https:\/\/i0.wp.com\/www.blogbbmontessori.com\/wp-content\/uploads\/2015\/01\/main2.jpg?ssl=1\"><img data-recalc-dims=\"1\" loading=\"lazy\" decoding=\"async\" class=\"  wp-image-10149 aligncenter\" src=\"https:\/\/i0.wp.com\/www.blogbbmontessori.com\/wp-content\/uploads\/2015\/01\/main2.jpg?resize=399%2C596&#038;ssl=1\" alt=\"main2\" width=\"399\" height=\"596\" srcset=\"https:\/\/i0.wp.com\/www.blogbbmontessori.com\/wp-content\/uploads\/2015\/01\/main2.jpg?w=2592&amp;ssl=1 2592w, https:\/\/i0.wp.com\/www.blogbbmontessori.com\/wp-content\/uploads\/2015\/01\/main2.jpg?resize=201%2C300&amp;ssl=1 201w, https:\/\/i0.wp.com\/www.blogbbmontessori.com\/wp-content\/uploads\/2015\/01\/main2.jpg?resize=685%2C1024&amp;ssl=1 685w, https:\/\/i0.wp.com\/www.blogbbmontessori.com\/wp-content\/uploads\/2015\/01\/main2.jpg?resize=624%2C932&amp;ssl=1 624w, https:\/\/i0.wp.com\/www.blogbbmontessori.com\/wp-content\/uploads\/2015\/01\/main2.jpg?w=1250&amp;ssl=1 1250w, https:\/\/i0.wp.com\/www.blogbbmontessori.com\/wp-content\/uploads\/2015\/01\/main2.jpg?w=1875&amp;ssl=1 1875w\" sizes=\"auto, (max-width: 399px) 100vw, 399px\" \/><\/a><\/p>\n<p style=\"text-align: justify;\"><em>\u00ab\u00a0A quel \u00e2ge apparaissent les empreintes ? Gardons-nous les m\u00eames toute la vie ou se modifient-elles ? Peux-t-on perdre des empreintes ? Sont-elles les m\u00eames \u00e0 gauche et \u00e0 droite ?\u00a0\u00bb<\/em><\/p>\n<p style=\"text-align: justify;\">Que de questions sur les empreintes digitales&#8230;.<\/p>\n<p style=\"text-align: justify;\">Comme promis, voici un autre r\u00e9sum\u00e9 du chapitre sur la main.<br \/>\nMerci \u00e0 Anna D.<\/p>\n<p style=\"text-align: justify;\"><em>Pour la science, le d\u00e9veloppement normal de l&rsquo;enfant correspond \u00e0 l&rsquo;acquisition de 2 fonctions motrices: la marche et le langage. Le langage, expression de la pens\u00e9e, est caract\u00e9ristique de l&rsquo;homme alors que la marche est commune \u00e0 tous les animaux. Ce n&rsquo;est pas la marche qui caract\u00e9rise l&rsquo;\u00eatre intelligent. L&rsquo;organe moteur qui caract\u00e9rise l&rsquo;homme, c&rsquo;est la main. Elle est au service de l&rsquo;intelligence pour la r\u00e9alisation du travail.<\/em><br \/>\n<em>La main est l&rsquo;unit\u00e9 fonctionnelle du psychique et du mouvement. C&rsquo;est l&rsquo;organe qui permet \u00e0 l&rsquo;intelligence de se manifester, de prendre possession de son environnement, de le transformer.C&rsquo;est l&rsquo;organe ex\u00e9cutif de l&rsquo;intelligence qui permet la r\u00e9alisation du travail. Regarder le d\u00e9veloppement psychique de l&rsquo;enfant, c&rsquo;est regarder l&rsquo;\u00e9volution du langage et de l&rsquo;activit\u00e9 de la main qui aspire au travail.<\/em><br \/>\n<em>Les mains qui s&rsquo;\u00e9veillent chez l&rsquo;enfant devraient susciter l&rsquo;admiration des adultes. Mais c&rsquo;est l&rsquo;inverse qui se passe: l&rsquo;adulte a peur de ces mains qui tentent d&rsquo;attraper ses objets. Il tente de les prot\u00e9ger en emp\u00eachant l&rsquo;enfant d&rsquo;y toucher. Cependant, l&rsquo;enfant a besoin des objets pour ses activit\u00e9s. Mais dans sa famille, on ne prend pas ces besoins en consid\u00e9ration.<\/em><br \/>\n<em>L&rsquo;enfant ne se meut pas au hasard, il organise ses mouvements en ob\u00e9issant aux impulsions qui lui viennent de l&rsquo;int\u00e9rieur. L&rsquo;enfant doit choisir et ex\u00e9cuter ses gestes en toute spontan\u00e9it\u00e9. Les mouvements constructeurs que l&rsquo;enfant va accomplir ont des caract\u00e8res bien d\u00e9termin\u00e9s. Ce sont des actions qu&rsquo;il a vues accomplir par les adultes. Ce sont des activit\u00e9s qui sont en lien avec les usages des milieux familiaux et sociaux (\u00e9pousseter, laver du linge,&#8230;) Comme c&rsquo;est un ph\u00e9nom\u00e8ne universel, on l&rsquo;appelle \u00e0 tort imitation. Or les mouvements constructeurs de l&rsquo;enfant sont dict\u00e9s par son psychique. Il sait les mouvements qu&rsquo;il va faire, il les a d\u00e9j\u00e0 vu faire. On observe la m\u00eame chose au niveau du d\u00e9veloppement du langage: l&rsquo;enfant adopte le langage qu&rsquo;il entend autour de lui. Il se sert des mots appris en fonctions des besoins du moment. Ceci ne correspond donc pas \u00e0 une imitation mais \u00e0 une connaissance acquise.<\/em><br \/>\n<em>Le but personnel chez l&rsquo;enfant de la manipulation d&rsquo;objets ne correspond pas forc\u00e9ment \u00e0 notre logique (pour des enfants entre 18 mois et 3 ans). Ce qui entra\u00eene une difficult\u00e9 pour l&rsquo;adulte de laisser agir l&rsquo;enfant m\u00eame s&rsquo;il sait que c&rsquo;est ce qu&rsquo;il faut faire. Ce qui int\u00e9resse l&rsquo;enfant, ce n&rsquo;est pas l&rsquo;objet en lui-m\u00eame mais le mouvement qui lui associe. D&rsquo;o\u00f9 l&rsquo;int\u00e9r\u00eat de fabriquer du mat\u00e9riel adapt\u00e9 comme les encadrements solides. Ces gestes correspondent aux balbutiements de l&rsquo;homme travailleur. Et pour favoriser cet instinct de travail chez l&rsquo;enfant, il faut pr\u00e9parer le milieu dans lequel il \u00e9volue.<\/em><\/p>\n","protected":false},"excerpt":{"rendered":"<p>\u00ab\u00a0A quel \u00e2ge apparaissent les empreintes ? Gardons-nous les m\u00eames toute la vie ou se modifient-elles ? Peux-t-on perdre des empreintes ? Sont-elles les m\u00eames \u00e0 gauche et \u00e0 droite ?\u00a0\u00bb Que de questions sur les empreintes digitales&#8230;. Comme promis, voici un autre r\u00e9sum\u00e9 du chapitre sur la main. Merci \u00e0 Anna D. Pour la [&hellip;]<\/p>\n","protected":false},"author":2,"featured_media":0,"comment_status":"closed","ping_status":"open","sticky":false,"template":"","format":"standard","meta":{"jetpack_post_was_ever_published":false,"_jetpack_newsletter_access":"","_jetpack_dont_email_post_to_subs":false,"_jetpack_newsletter_tier_id":0,"_jetpack_memberships_contains_paywalled_content":false,"_jetpack_memberships_contains_paid_content":false,"footnotes":"","jetpack_publicize_message":"","jetpack_publicize_feature_enabled":true,"jetpack_social_post_already_shared":true,"jetpack_social_options":{"image_generator_settings":{"template":"highway","default_image_id":0,"font":"","enabled":false},"version":2}},"categories":[252,254,1],"tags":[712],"class_list":["post-10148","post","type-post","status-publish","format-standard","hentry","category-0-6-mois","category-06-12-mois","category-quotidien","tag-developpement-psichomoteur-psicomotricite"],"jetpack_publicize_connections":[],"jetpack_featured_media_url":"","jetpack_sharing_enabled":true,"jetpack_shortlink":"https:\/\/wp.me\/pm9U2-2DG","_links":{"self":[{"href":"https:\/\/www.blogbbmontessori.com\/index.php?rest_route=\/wp\/v2\/posts\/10148","targetHints":{"allow":["GET"]}}],"collection":[{"href":"https:\/\/www.blogbbmontessori.com\/index.php?rest_route=\/wp\/v2\/posts"}],"about":[{"href":"https:\/\/www.blogbbmontessori.com\/index.php?rest_route=\/wp\/v2\/types\/post"}],"author":[{"embeddable":true,"href":"https:\/\/www.blogbbmontessori.com\/index.php?rest_route=\/wp\/v2\/users\/2"}],"replies":[{"embeddable":true,"href":"https:\/\/www.blogbbmontessori.com\/index.php?rest_route=%2Fwp%2Fv2%2Fcomments&post=10148"}],"version-history":[{"count":2,"href":"https:\/\/www.blogbbmontessori.com\/index.php?rest_route=\/wp\/v2\/posts\/10148\/revisions"}],"predecessor-version":[{"id":10155,"href":"https:\/\/www.blogbbmontessori.com\/index.php?rest_route=\/wp\/v2\/posts\/10148\/revisions\/10155"}],"wp:attachment":[{"href":"https:\/\/www.blogbbmontessori.com\/index.php?rest_route=%2Fwp%2Fv2%2Fmedia&parent=10148"}],"wp:term":[{"taxonomy":"category","embeddable":true,"href":"https:\/\/www.blogbbmontessori.com\/index.php?rest_route=%2Fwp%2Fv2%2Fcategories&post=10148"},{"taxonomy":"post_tag","embeddable":true,"href":"https:\/\/www.blogbbmontessori.com\/index.php?rest_route=%2Fwp%2Fv2%2Ftags&post=10148"}],"curies":[{"name":"wp","href":"https:\/\/api.w.org\/{rel}","templated":true}]}}