{"id":10025,"date":"2014-10-15T22:22:50","date_gmt":"2014-10-15T20:22:50","guid":{"rendered":"http:\/\/www.blogbbmontessori.com\/?p=10025"},"modified":"2014-10-15T22:22:50","modified_gmt":"2014-10-15T20:22:50","slug":"lipad-pour-les-enfants","status":"publish","type":"post","link":"https:\/\/www.blogbbmontessori.com\/?p=10025","title":{"rendered":"L&rsquo;ipad pour les enfants"},"content":{"rendered":"<p>Il semble que son concepteur qui \u00e9tait lui-m\u00eame p\u00e8re de famille, emp\u00eachait ses propres enfants d&rsquo;utiliser l&rsquo;ipad.<strong> Steve Jobs n&rsquo;a pas con\u00e7u l&rsquo;ipad pour les enfants.<\/strong><\/p>\n<p><a href=\"https:\/\/i0.wp.com\/www.blogbbmontessori.com\/wp-content\/uploads\/2014\/10\/ipad.jpg?ssl=1\"><img data-recalc-dims=\"1\" loading=\"lazy\" decoding=\"async\" class=\"alignnone size-full wp-image-10027\" src=\"https:\/\/i0.wp.com\/www.blogbbmontessori.com\/wp-content\/uploads\/2014\/10\/ipad.jpg?resize=625%2C418&#038;ssl=1\" alt=\"ipad\" width=\"625\" height=\"418\" srcset=\"https:\/\/i0.wp.com\/www.blogbbmontessori.com\/wp-content\/uploads\/2014\/10\/ipad.jpg?w=3872&amp;ssl=1 3872w, https:\/\/i0.wp.com\/www.blogbbmontessori.com\/wp-content\/uploads\/2014\/10\/ipad.jpg?resize=300%2C200&amp;ssl=1 300w, https:\/\/i0.wp.com\/www.blogbbmontessori.com\/wp-content\/uploads\/2014\/10\/ipad.jpg?resize=1024%2C685&amp;ssl=1 1024w, https:\/\/i0.wp.com\/www.blogbbmontessori.com\/wp-content\/uploads\/2014\/10\/ipad.jpg?resize=624%2C417&amp;ssl=1 624w, https:\/\/i0.wp.com\/www.blogbbmontessori.com\/wp-content\/uploads\/2014\/10\/ipad.jpg?w=1250&amp;ssl=1 1250w, https:\/\/i0.wp.com\/www.blogbbmontessori.com\/wp-content\/uploads\/2014\/10\/ipad.jpg?w=1875&amp;ssl=1 1875w\" sizes=\"auto, (max-width: 625px) 100vw, 625px\" \/><\/a><\/p>\n<p>Pour ma part, j&rsquo;ai rapidement vu les d\u00e9g\u00e2ts occasionn\u00e9s chez mon fils de 2 ans, qui au bout de quelques minutes \u00e9tait tremblant, incapable de se contr\u00f4ler. Aujourd&rsquo;hui encore, nous limitons un maximum l&rsquo;exposition \u00e0 tout \u00e9cran soit-il.<\/p>\n<p>Certaines \u00e9coles Montessori proposent d\u00e9j\u00e0 des exercices sur ipad, des devoirs sur ipad. A quand l&rsquo;ipad dans les cr\u00e8ches ?<\/p>\n<p>&nbsp;<\/p>\n<p>&nbsp;<\/p>\n<p>&nbsp;<\/p>\n<p>&nbsp;<\/p>\n","protected":false},"excerpt":{"rendered":"<p>Il semble que son concepteur qui \u00e9tait lui-m\u00eame p\u00e8re de famille, emp\u00eachait ses propres enfants d&rsquo;utiliser l&rsquo;ipad. Steve Jobs n&rsquo;a pas con\u00e7u l&rsquo;ipad pour les enfants. Pour ma part, j&rsquo;ai rapidement vu les d\u00e9g\u00e2ts occasionn\u00e9s chez mon fils de 2 ans, qui au bout de quelques minutes \u00e9tait tremblant, incapable de se contr\u00f4ler. Aujourd&rsquo;hui encore, [&hellip;]<\/p>\n","protected":false},"author":2,"featured_media":0,"comment_status":"closed","ping_status":"open","sticky":false,"template":"","format":"standard","meta":{"jetpack_post_was_ever_published":false,"_jetpack_newsletter_access":"","_jetpack_dont_email_post_to_subs":false,"_jetpack_newsletter_tier_id":0,"_jetpack_memberships_contains_paywalled_content":false,"_jetpack_memberships_contains_paid_content":false,"footnotes":"","jetpack_publicize_message":"","jetpack_publicize_feature_enabled":true,"jetpack_social_post_already_shared":true,"jetpack_social_options":{"image_generator_settings":{"template":"highway","default_image_id":0,"font":"","enabled":false},"version":2}},"categories":[252,254,255,256,1],"tags":[690,691],"class_list":["post-10025","post","type-post","status-publish","format-standard","hentry","category-0-6-mois","category-06-12-mois","category-12-18-mois","category-18-24-mois","category-quotidien","tag-ecran","tag-ipad"],"jetpack_publicize_connections":[],"jetpack_featured_media_url":"","jetpack_sharing_enabled":true,"jetpack_shortlink":"https:\/\/wp.me\/pm9U2-2BH","_links":{"self":[{"href":"https:\/\/www.blogbbmontessori.com\/index.php?rest_route=\/wp\/v2\/posts\/10025","targetHints":{"allow":["GET"]}}],"collection":[{"href":"https:\/\/www.blogbbmontessori.com\/index.php?rest_route=\/wp\/v2\/posts"}],"about":[{"href":"https:\/\/www.blogbbmontessori.com\/index.php?rest_route=\/wp\/v2\/types\/post"}],"author":[{"embeddable":true,"href":"https:\/\/www.blogbbmontessori.com\/index.php?rest_route=\/wp\/v2\/users\/2"}],"replies":[{"embeddable":true,"href":"https:\/\/www.blogbbmontessori.com\/index.php?rest_route=%2Fwp%2Fv2%2Fcomments&post=10025"}],"version-history":[{"count":2,"href":"https:\/\/www.blogbbmontessori.com\/index.php?rest_route=\/wp\/v2\/posts\/10025\/revisions"}],"predecessor-version":[{"id":10028,"href":"https:\/\/www.blogbbmontessori.com\/index.php?rest_route=\/wp\/v2\/posts\/10025\/revisions\/10028"}],"wp:attachment":[{"href":"https:\/\/www.blogbbmontessori.com\/index.php?rest_route=%2Fwp%2Fv2%2Fmedia&parent=10025"}],"wp:term":[{"taxonomy":"category","embeddable":true,"href":"https:\/\/www.blogbbmontessori.com\/index.php?rest_route=%2Fwp%2Fv2%2Fcategories&post=10025"},{"taxonomy":"post_tag","embeddable":true,"href":"https:\/\/www.blogbbmontessori.com\/index.php?rest_route=%2Fwp%2Fv2%2Ftags&post=10025"}],"curies":[{"name":"wp","href":"https:\/\/api.w.org\/{rel}","templated":true}]}}